{"id":200713,"date":"2009-03-25T12:19:24","date_gmt":"2009-03-25T10:19:24","guid":{"rendered":""},"modified":"2019-05-25T20:28:36","modified_gmt":"2019-05-25T18:28:36","slug":"restos-de-arquitectura-efimera","status":"publish","type":"post","link":"https:\/\/www.elenacabrera.com\/weblog3\/2009\/03\/25\/restos-de-arquitectura-efimera\/","title":{"rendered":"Arquitectura ef\u00edmera del ZEMOS98"},"content":{"rendered":"<p>La intensa cobertura que se hace del ZEMOS98 es el modelo ideal que todo festival deber\u00eda seguir. No dejar ning\u00fanfrente abierto para comunicar creando a la vez: textos de vivencia, fotos r\u00e1pidamente compartidas, narraci\u00f3n audiovisual, podcast y <a href=\"http:\/\/search.twitter.com\/search?q=zemos98\">microblogeo<\/a>. Cuando recuerdo tantos a\u00f1os haciendo el peri\u00f3dico diario Fiber en el FIB, papel tirado en rotativa, uno al d\u00eda, casi lo veo con la nostalgia de la prehistoria. Aunque no s\u00e9 si una cobertura como esta tendr\u00eda sentido en un macrofestival como Benic\u00e0ssim, donde la gente va all\u00ed para desconectar y la prioridad es comunicar hacia dentro, no hacia afuera.<\/p>\n<p>Una de las cosas que estoy aprendiendo aqu\u00ed es que la misma iniciativa de hacer un festival es una excusa para aprender <a href=\"http:\/\/bn.hombrelobo.com\/day\/2009\/03\/25\">\u00abcont\u00e1ndonos historias los unos a los otros\u00bb<\/a>.<\/p>\n<p><img decoding=\"async\" src=\"http:\/\/farm4.static.flickr.com\/3602\/3380143540_688d119726.jpg?v=0%22%3C\/p\" alt=\"\" \/><br \/>\n<a href=\"http:\/\/www.flickr.com\/photos\/julioalbarran\/3421662045\"><img decoding=\"async\" src=\"http:\/\/farm4.static.flickr.com\/3311\/3421662045_60267c51ff.jpg\"><\/a><br \/>\nEn estas fotos de arriba salgo charlando con Gonzalo Frasca el primer d\u00eda de ZEMOS98 en la Fundaci\u00f3n Tres Culturas, cont\u00e1ndonos historias. La fotograf\u00eda es de <a href=\"http:\/\/www.flickr.com\/photos\/julioalbarran\">Julio Albarr\u00e1n<\/a>, que como ya os dije es quien realiza la <a href=\"http:\/\/www.flickr.com\/photos\/julioalbarran\/sets\/72157615780491408\/\">cobertura fotogr\u00e1fica<\/a> y lo est\u00e1 haciendo de miedo.<\/p>\n<p>T\u00edscar Lara y yo vamos contando por escrito lo que vemos y o\u00edmos. Ella lleva el peso m\u00e1s grande porque lo hace <a href=\"http:\/\/www.educacionexpandida.com\">sobre las conferencias y presentaciones<\/a>, que ocupan m\u00e1s tiempo que los conciertos. <a href=\"http:\/\/www.zemos98.org\/spip.php?article1228?rubrique=19\">Esta es<\/a> mi cr\u00f3nica de mi experiencia frente a la Tenorvision. El martes no hubo concierto as\u00ed que no hay m\u00e1s testimonios hasta el jueves.<\/p>\n<p>Ya est\u00e1 saliendo al aire el podcast Radioactivos Expandidos, que pod\u00e9is escuchar <a href=\"http:\/\/www.zemos98.org\/spip.php?article1232\">aqu\u00ed.<\/a> Tiene un extracto de la entrevista a Vicki Bennet de People Like Us.<\/p>\n<p>Y aqu\u00ed un poco de making of (y m\u00e1s <a href=\"http:\/\/atemporalsiempre.com\/2009\/03\/expandiendome-en-zemos98\/\">aqu\u00ed<\/a>, el blog de Jessica Romero):<br \/>\n<object width=\"425\" height=\"344\" data=\"http:\/\/www.youtube.com\/v\/9CAik_1mzE0&amp;color1=0xb1b1b1&amp;color2=0xcfcfcf&amp;feature=player_embedded&amp;fs=1\" type=\"application\/x-shockwave-flash\"><param name=\"allowFullScreen\" value=\"true\" \/><param name=\"src\" value=\"http:\/\/www.youtube.com\/v\/9CAik_1mzE0&amp;color1=0xb1b1b1&amp;color2=0xcfcfcf&amp;feature=player_embedded&amp;fs=1\" \/><param name=\"allowfullscreen\" value=\"true\" \/><\/object><\/p>\n<p>Tambi\u00e9n ten\u00e9is que ver los <a href=\"http:\/\/www.zemos98.org\/spip.php?rubrique=23\">v\u00eddeos que est\u00e1 haciendo Pablo Dom\u00ednguez<\/a> en la secci\u00f3n Tvlog, son estupendos:<\/p>\n<p><object width=\"462\" height=\"380\" data=\"http:\/\/blip.tv\/play\/2iD1uH6Cxzc\" type=\"application\/x-shockwave-flash\"><param name=\"src\" value=\"http:\/\/blip.tv\/play\/2iD1uH6Cxzc\" \/><param name=\"allowfullscreen\" value=\"true\" \/><\/object><object width=\"462\" height=\"380\" data=\"http:\/\/blip.tv\/play\/2iD1t2eCxzc\" type=\"application\/x-shockwave-flash\"><param name=\"src\" value=\"http:\/\/blip.tv\/play\/2iD1t2eCxzc\" \/><param name=\"allowfullscreen\" value=\"true\" \/><\/object><object width=\"462\" height=\"380\" data=\"http:\/\/blip.tv\/play\/2iD1i1eCxzc\" type=\"application\/x-shockwave-flash\"><param name=\"src\" value=\"http:\/\/blip.tv\/play\/2iD1i1eCxzc\" \/><param name=\"allowfullscreen\" value=\"true\" \/><\/object><\/p>\n","protected":false},"excerpt":{"rendered":"<p>La intensa cobertura que se hace del ZEMOS98 es el modelo ideal que todo festival deber\u00eda seguir. No dejar ning\u00fanfrente abierto para comunicar creando a la vez: textos de vivencia, fotos r\u00e1pidamente compartidas, narraci\u00f3n audiovisual, podcast y microblogeo. Cuando recuerdo tantos a\u00f1os haciendo el peri\u00f3dico diario Fiber en el FIB, papel tirado en rotativa, uno [&hellip;]<\/p>\n","protected":false},"author":1,"featured_media":0,"comment_status":"open","ping_status":"open","sticky":false,"template":"","format":"standard","meta":{"footnotes":""},"categories":[],"tags":[],"class_list":["post-200713","post","type-post","status-publish","format-standard","hentry"],"_links":{"self":[{"href":"https:\/\/www.elenacabrera.com\/weblog3\/wp-json\/wp\/v2\/posts\/200713","targetHints":{"allow":["GET"]}}],"collection":[{"href":"https:\/\/www.elenacabrera.com\/weblog3\/wp-json\/wp\/v2\/posts"}],"about":[{"href":"https:\/\/www.elenacabrera.com\/weblog3\/wp-json\/wp\/v2\/types\/post"}],"author":[{"embeddable":true,"href":"https:\/\/www.elenacabrera.com\/weblog3\/wp-json\/wp\/v2\/users\/1"}],"replies":[{"embeddable":true,"href":"https:\/\/www.elenacabrera.com\/weblog3\/wp-json\/wp\/v2\/comments?post=200713"}],"version-history":[{"count":1,"href":"https:\/\/www.elenacabrera.com\/weblog3\/wp-json\/wp\/v2\/posts\/200713\/revisions"}],"predecessor-version":[{"id":2002002687,"href":"https:\/\/www.elenacabrera.com\/weblog3\/wp-json\/wp\/v2\/posts\/200713\/revisions\/2002002687"}],"wp:attachment":[{"href":"https:\/\/www.elenacabrera.com\/weblog3\/wp-json\/wp\/v2\/media?parent=200713"}],"wp:term":[{"taxonomy":"category","embeddable":true,"href":"https:\/\/www.elenacabrera.com\/weblog3\/wp-json\/wp\/v2\/categories?post=200713"},{"taxonomy":"post_tag","embeddable":true,"href":"https:\/\/www.elenacabrera.com\/weblog3\/wp-json\/wp\/v2\/tags?post=200713"}],"curies":[{"name":"wp","href":"https:\/\/api.w.org\/{rel}","templated":true}]}}