{"id":20073,"date":"2008-12-10T23:42:20","date_gmt":"2008-12-10T22:42:20","guid":{"rendered":""},"modified":"2008-12-10T23:56:59","modified_gmt":"2008-12-10T22:56:59","slug":"enseno-los-dientes","status":"publish","type":"post","link":"https:\/\/www.elenacabrera.com\/weblog3\/2008\/12\/10\/enseno-los-dientes\/","title":{"rendered":"Ense\u00f1o los dientes"},"content":{"rendered":"<p>Me encantar\u00eda tener un inbox donde s\u00f3lo recibiera emails de verdad, cartas tecleadas y encabezadas con algo bonito&#8230;<\/p>\n<p style=\"padding-left: 30px;\">-\u00abHola guapa, te tengo en la rec\u00e1mara\u00bb<\/p>\n<p style=\"padding-left: 30px;\">-\u00abWola Elena\u00bb<\/p>\n<p style=\"padding-left: 30px;\">-\u00abEntra\u00f1able se\u00f1orita\u00bb<\/p>\n<p style=\"padding-left: 30px;\">-\u00abOye, dama de mis sue\u00f1os\u00bb<\/p>\n<p style=\"padding-left: 30px;\">-\u00abYa me disculpar\u00e1s que haga uso de tu email personal\u00bb<\/p>\n<p style=\"padding-left: 30px;\">-\u00abElenita\u00bb<\/p>\n<p style=\"padding-left: 30px;\">-\u00abNo me releeas\u00bb<\/p>\n<p>&#8230;rescato de los mejores emails del inbox del correo de casa desde el 22 de noviembre para ac\u00e1. Casi todo lo dem\u00e1s, o se olvidaron saludar, o son robots, mailing lists, facturas, avisos, actualidad. Y la correspondencia, vista as\u00ed, hace la vida mucho m\u00e1s agradable.<\/p>\n<p>Estos d\u00edas me duelen mucho los dientes y por eso hago cosas raras con la boca. Con mi labio superior le hago una funda a los paletos y me r\u00edo s\u00f3lo con el labio de abajo, como un pez barba.<\/p>\n<p>Me gustar\u00eda estar en Atenas ahora, con mi dolor de dientes y todo. Alguien dec\u00eda que a los griegos s\u00f3lo les gusta ir de compras y beber caf\u00e9, sentados a la puerta de los bares. Pero <a href=\"http:\/\/grecia-libertaria.blogspot.com\/\">lo que est\u00e1 ocurriendo all\u00ed<\/a> confirma que mi amigo se equivocaba pues los obreros y los j\u00f3venes griegos se est\u00e1n revelando contra el gobierno de Caramanlis como aqu\u00ed jam\u00e1s tuvimos las agallas o el nervio de hacerlo contra el de Aznar, por no hablar del Franquismo. Parece que a los espa\u00f1oles nos gustan m\u00e1s el caf\u00e9 y las rebajas que a los griegos.<\/p>\n<p>Grecia vive hoy un plante de huelga general que estaba convocada mucho antes del homicidio de Al\u00e9kandros Grigoropoulus, por eso me molesta tanto el enfoque reiterado de muchos medios de comunicaci\u00f3n sobre esta situaci\u00f3n, donde, para ellos, la muerte del chico de 16 a\u00f1os es el inicio de todo. Su muerte es la punta de la lanza pero las manifestaciones, las ocupaciones, la revuelta y las quejas vienen de mucho antes. Me molestan los titulares que venden el caos en Atenas cuando de lo que estamos hablando es de sublevaci\u00f3n.<\/p>\n<p>Viven bajo un gobierno conservador y represor que ha empeorado el pa\u00eds y no ha impedido cientos de despidos provocados por la crisis econ\u00f3mica. Adem\u00e1s, el abuso de poder por parte de las fuerzas de seguridad se ha incrementado en los \u00faltimos a\u00f1os, al amparo del gobierno, de ah\u00ed que muchos dijeran que lo de Al\u00e9ksandros \u00abse ve\u00eda venir\u00bb.<\/p>\n<p>Espero que el final de este conflicto sea, como poco, la dimisi\u00f3n de Caramanlis y un cambio de gobierno en Grecia.<\/p>\n<p>Hoy, desde la redacci\u00f3n, hemos escuchado gritos de manifestantes en Callao. Se escuchaba \u00abpolic\u00eda asesina\u00bb. La lucha en Grecia tiene su <a href=\"http:\/\/www.adn.es\/politica\/20081210\/NWS-3386-Madrid-Barcelona.html\">apoyo en Madrid y Barcelona<\/a>.<\/p>\n<p><object classid=\"clsid:d27cdb6e-ae6d-11cf-96b8-444553540000\" width=\"425\" height=\"344\" codebase=\"http:\/\/download.macromedia.com\/pub\/shockwave\/cabs\/flash\/swflash.cab#version=6,0,40,0\"><param name=\"allowFullScreen\" value=\"true\" \/><param name=\"allowscriptaccess\" value=\"always\" \/><param name=\"src\" value=\"http:\/\/www.youtube.com\/v\/iuzvh_AOonI&amp;hl=es&amp;fs=1\" \/><embed type=\"application\/x-shockwave-flash\" width=\"425\" height=\"344\" src=\"http:\/\/www.youtube.com\/v\/iuzvh_AOonI&amp;hl=es&amp;fs=1\" allowscriptaccess=\"always\" allowfullscreen=\"true\"><\/embed><\/object><\/p>\n<p><img loading=\"lazy\" decoding=\"async\" class=\"alignnone\" title=\"Polic\u00eda jugando a polic\u00eda\" src=\"http:\/\/www.rebelion.org\/imagenes\/77277_1.jpg\" alt=\"\" width=\"399\" height=\"284\" \/><\/p>\n<p><object classid=\"clsid:d27cdb6e-ae6d-11cf-96b8-444553540000\" width=\"425\" height=\"344\" codebase=\"http:\/\/download.macromedia.com\/pub\/shockwave\/cabs\/flash\/swflash.cab#version=6,0,40,0\"><param name=\"allowFullScreen\" value=\"true\" \/><param name=\"src\" value=\"http:\/\/www.youtube.com\/v\/iEVxGn9wU1c&amp;color1=0xb1b1b1&amp;color2=0xcfcfcf&amp;hl=es&amp;feature=player_embedded&amp;fs=1\" \/><embed type=\"application\/x-shockwave-flash\" width=\"425\" height=\"344\" src=\"http:\/\/www.youtube.com\/v\/iEVxGn9wU1c&amp;color1=0xb1b1b1&amp;color2=0xcfcfcf&amp;hl=es&amp;feature=player_embedded&amp;fs=1\" allowfullscreen=\"true\"><\/embed><\/object><br \/>\nEl gobierno de la presidencia de Jani\u00e1 (Creta), en llamas.<\/p>\n<blockquote><p>El cuartel del gobierno alcanz\u00f3 tal nivel de paralizaci\u00f3n, que ni siquiera pudo dar \u00f3rdenes a la justicia de que archivara un viejo esc\u00e1ndalo: ese mismo d\u00eda el fiscal declar\u00f3 inocentes a dos polic\u00edas que hab\u00edan torturado a un joven en Tesal\u00f3nica. El escenario estaba listo para todo lo que iba a suceder en el centro de Atenas, Tesal\u00f3nica y L\u00e1risa tras las manifestaciones pac\u00edficas de los partidos de la izquierda. Los edificios empezaron a arder uno tras otro. El gobierno s\u00f3lo fue capaz de dar una respuesta: inform\u00f3 de que el primer ministro se reunir\u00eda con el presidente de la democracia al d\u00eda siguiente, y con los jefes de los partidos pol\u00edticos el martes.<\/p>\n<p>Era la consigna para el vandalismo generalizado: los interesados entendieron el mensaje de que hasta al menos el martes al mediod\u00eda la polic\u00eda no iba a intervenir. Bandas organizadas que no ten\u00edan nada que ver con los encapuchados, ni con las manifestaciones, rompieron todas las tiendas que encontraban a su paso y robaron desde televisores hasta coca-colas. Algunos afirmaban que se trataba de un plan del gobierno para que la opini\u00f3n p\u00fablica se posicionara en favor de la ley y el orden, pero no es cierto: les gustar\u00eda haberlo planeado as\u00ed, pero no son tan h\u00e1biles. Cualquier duda al respecto qued\u00f3 aclarada por las surrealistas declaraciones del ministro del Interior al concluir la deliberaci\u00f3n del gobierno, que se reuni\u00f3 con tranquilidad hasta pasada la media noche. Mientras en la capital reinaba una anarqu\u00eda total, el se\u00f1or Pavlopulos dej\u00f3 claro que \u201cel gobierno no puede aceptar lo que est\u00e1 pasando\u201d (!) sin tomar medidas. Invit\u00f3 a los periodistas \u2013como en una nueva edici\u00f3n de la \u201camenaza\u201d de los incendios del verano de 2007\u2013 a que descubrieran qu\u00e9 intereses se esconden detr\u00e1s de los robos y los disturbios. Y en un apote\u00f3sico alejamiento de la realidad matiz\u00f3 que \u201cuna cosa es lo que se ve y otra la realidad\u201d, queriendo decir que los destrozos no eran tan grandes como emit\u00edan las televisiones.<\/p>\n<p>La gente que vea hoy la ciudad bombardeada tendr\u00e1 otra opini\u00f3n. Ning\u00fan escenario de conspiraci\u00f3n puede sostenerse ante la impresi\u00f3n de las im\u00e1genes de destrucci\u00f3n. Es obvio que el gobierno ha fallado en el deber principal de todo poder en el mundo, es decir, la protecci\u00f3n de las propiedades de los ciudadanos. Lo cual de por s\u00ed representa ya una amenaza.<\/p>\n<p><a href=\"http:\/\/www.tvxs.gr\/v1205\">Stelios Kuloglu<\/a>, <a href=\"http:\/\/www.rebelion.org\/noticia.php?id=77277\">traducido por Natal\u00eda Koutra y David Cifuentes<\/a>.<\/p><\/blockquote>\n","protected":false},"excerpt":{"rendered":"<p>Me encantar\u00eda tener un inbox donde s\u00f3lo recibiera emails de verdad, cartas tecleadas y encabezadas con algo bonito&#8230; -\u00abHola guapa, te tengo en la rec\u00e1mara\u00bb -\u00abWola Elena\u00bb -\u00abEntra\u00f1able se\u00f1orita\u00bb -\u00abOye, dama de mis sue\u00f1os\u00bb -\u00abYa me disculpar\u00e1s que haga uso de tu email personal\u00bb -\u00abElenita\u00bb -\u00abNo me releeas\u00bb &#8230;rescato de los mejores emails del inbox [&hellip;]<\/p>\n","protected":false},"author":1,"featured_media":0,"comment_status":"open","ping_status":"open","sticky":false,"template":"","format":"standard","meta":{"footnotes":""},"categories":[],"tags":[],"class_list":["post-20073","post","type-post","status-publish","format-standard","hentry"],"_links":{"self":[{"href":"https:\/\/www.elenacabrera.com\/weblog3\/wp-json\/wp\/v2\/posts\/20073","targetHints":{"allow":["GET"]}}],"collection":[{"href":"https:\/\/www.elenacabrera.com\/weblog3\/wp-json\/wp\/v2\/posts"}],"about":[{"href":"https:\/\/www.elenacabrera.com\/weblog3\/wp-json\/wp\/v2\/types\/post"}],"author":[{"embeddable":true,"href":"https:\/\/www.elenacabrera.com\/weblog3\/wp-json\/wp\/v2\/users\/1"}],"replies":[{"embeddable":true,"href":"https:\/\/www.elenacabrera.com\/weblog3\/wp-json\/wp\/v2\/comments?post=20073"}],"version-history":[{"count":0,"href":"https:\/\/www.elenacabrera.com\/weblog3\/wp-json\/wp\/v2\/posts\/20073\/revisions"}],"wp:attachment":[{"href":"https:\/\/www.elenacabrera.com\/weblog3\/wp-json\/wp\/v2\/media?parent=20073"}],"wp:term":[{"taxonomy":"category","embeddable":true,"href":"https:\/\/www.elenacabrera.com\/weblog3\/wp-json\/wp\/v2\/categories?post=20073"},{"taxonomy":"post_tag","embeddable":true,"href":"https:\/\/www.elenacabrera.com\/weblog3\/wp-json\/wp\/v2\/tags?post=20073"}],"curies":[{"name":"wp","href":"https:\/\/api.w.org\/{rel}","templated":true}]}}