{"id":200772,"date":"2009-04-15T22:51:56","date_gmt":"2009-04-15T20:51:56","guid":{"rendered":""},"modified":"2019-05-25T20:23:28","modified_gmt":"2019-05-25T18:23:28","slug":"que-esperar-de-una-ciudad-sin-control","status":"publish","type":"post","link":"https:\/\/www.elenacabrera.com\/weblog3\/2009\/04\/15\/que-esperar-de-una-ciudad-sin-control\/","title":{"rendered":"Qu\u00e9 esperar de una ciudad sin control"},"content":{"rendered":"<p>Hace tiempo os habl\u00e9 de mis conversaciones con <strong>Jim Jarmusch<\/strong> cuando estuvo rodando su \u00faltima pel\u00edcula en Madrid, titulada <a href=\"http:\/\/www.filminfocus.com\/focusfeatures\/film\/the_limits_of_control\"><em>The Limits of Control<\/em><\/a>.<\/p>\n<p>Protagonizada por Isaach de Bakol\u00e9, Bill Murray, Tilda Swinton, Gael Garc\u00eda Bernal y Luis Tosar entre <a href=\"http:\/\/www.filminfocus.com\/focusfeatures\/film\/the_limits_of_control\/cast-crew\">otros<\/a>, Jarmusch persigue por Espa\u00f1a a un solitario y aislado asesino que debe finalizar su trabajo.<\/p>\n<p>Qu\u00e9 extra\u00f1a sensaci\u00f3n es volver a ver -en el tr\u00e1iler- los escenarios por los que paso d\u00eda a d\u00eda, que son mi casa en las calles de Madrid, desde los ojos de Jim Jarmusch. Es como si todos fu\u00e9ramos Jim Jarmusch:<\/p>\n<p><object width=\"500\" height=\"315\" data=\"http:\/\/www.youtube.com\/v\/oXBNL9LV_XA&amp;hl=es&amp;fs=1&amp;color1=0x5d1719&amp;color2=0xcd311b&amp;border=1\" type=\"application\/x-shockwave-flash\"><param name=\"allowFullScreen\" value=\"true\" \/><param name=\"allowscriptaccess\" value=\"always\" \/><param name=\"src\" value=\"http:\/\/www.youtube.com\/v\/oXBNL9LV_XA&amp;hl=es&amp;fs=1&amp;color1=0x5d1719&amp;color2=0xcd311b&amp;border=1\" \/><param name=\"allowfullscreen\" value=\"true\" \/><\/object><\/p>\n<p>El estreno est\u00e1 anunciado para el 22 de mayo, pero en la web de la productora -Focus- dicen que el 1 de mayo, ha debido adelantarse.<\/p>\n<p>Isaach de Bakol\u00e9 delante de Torres Blancas, en la calle Mar\u00eda de Molina (Prosperidad):<\/p>\n<p><img loading=\"lazy\" decoding=\"async\" class=\"aligncenter size-full wp-image-775\" title=\"torresblancas\" src=\"http:\/\/www.elenacabrera.com\/weblog\/wp-content\/uploads\/2009\/04\/torresblancas.png\" alt=\"torresblancas\" width=\"500\" height=\"280\" \/><\/p>\n<p>Tilda Swinton camina hacia la Corredera Alta de San Pablo, desde la Plaza de San Ildefonso (Malasa\u00f1a):<\/p>\n<p><img loading=\"lazy\" decoding=\"async\" class=\"aligncenter size-full wp-image-776\" title=\"corredera\" src=\"http:\/\/www.elenacabrera.com\/weblog\/wp-content\/uploads\/2009\/04\/corredera.png\" alt=\"corredera\" width=\"500\" height=\"283\" \/><\/p>\n<p>Luis Tosar delante de los azulejos hist\u00f3ricos de una farmacia en la calle San Andr\u00e9s esquina con San VIcente Ferrer (Malasa\u00f1a), en direcci\u00f3n a la Plaza del Dos de Mayo:<\/p>\n<p><img loading=\"lazy\" decoding=\"async\" class=\"aligncenter size-full wp-image-777\" title=\"THE LIMITS OF CONTROL\" src=\"http:\/\/www.elenacabrera.com\/weblog\/wp-content\/uploads\/2009\/04\/sanandresconvicenteferrer.jpg\" alt=\"THE LIMITS OF CONTROL\" width=\"500\" height=\"334\" \/><\/p>\n<p>Isaach de Bakol\u00e9 en las sillas del Conache en la Plaza de San Ildefonso, junto a la Parroquia de San Ildefonso (cuyo muro se ve en otras fotos), en Malasa\u00f1a:<\/p>\n<p><img loading=\"lazy\" decoding=\"async\" class=\"aligncenter size-full wp-image-778\" title=\"sanildefonso\" src=\"http:\/\/www.elenacabrera.com\/weblog\/wp-content\/uploads\/2009\/04\/sanildefonso.png\" alt=\"sanildefonso\" width=\"500\" height=\"280\" \/><\/p>\n<p>Aqu\u00ed tenemos dos fotos del rodaje de esa misma localizaci\u00f3n:<\/p>\n<p style=\"text-align: center;\"><a href=\"http:\/\/www.flickr.com\/photos\/memoriaflash\/2247434138\/\"><img decoding=\"async\" src=\"http:\/\/farm3.static.flickr.com\/2112\/2247434138_e5b499f293.jpg?v=0\" alt=\"\" \/><\/a><br \/>\nDelante del restaurante<\/p>\n<p style=\"text-align: center;\"><a href=\"http:\/\/www.flickr.com\/photos\/memoriaflash\/2247415712\/\"><img decoding=\"async\" src=\"http:\/\/farm3.static.flickr.com\/2364\/2247415712_19abe19040.jpg?v=0\" alt=\"\" \/><\/a><br \/>\nEn la plaza de San Ildefonso, ese es el muro de la Parroquia.<\/p>\n<p>De Bakol\u00e9 subiendo por la calle Tesoro hacia la plaza de Juan Pujol, pasando por delante del portal en el que yo viv\u00eda (Malasa\u00f1a):<\/p>\n<p><img loading=\"lazy\" decoding=\"async\" class=\"aligncenter size-full wp-image-779\" title=\"tesoro\" src=\"http:\/\/www.elenacabrera.com\/weblog\/wp-content\/uploads\/2009\/04\/tesoro.png\" alt=\"tesoro\" width=\"500\" height=\"279\" \/><\/p>\n<p>El protagonista de la pel\u00edcula frente al skyline de Madrid, a la izquierda se aprecian las tres nuevas torres de la ciudad deportiva:<\/p>\n<p><img loading=\"lazy\" decoding=\"async\" class=\"aligncenter size-full wp-image-780\" title=\"THE LIMITS OF CONTROL\" src=\"http:\/\/www.elenacabrera.com\/weblog\/wp-content\/uploads\/2009\/04\/torres.jpg\" alt=\"THE LIMITS OF CONTROL\" width=\"500\" height=\"334\" \/><\/p>\n<p>Chistopher Doyle, Jarmusch y el equipo de producci\u00f3n de la pel\u00edcula llamaron bastante la atenci\u00f3n en Malasa\u00f1a, como se p puede ver <a href=\"http:\/\/www.flickr.com\/search\/?ss=2&amp;ct=6&amp;w=all&amp;q=jim+jarmusch+madrid&amp;m=text\">en Flickr<\/a>:<\/p>\n<p style=\"text-align: center;\"><a href=\"http:\/\/www.flickr.com\/photos\/qmoline\/3292807190\/\"><img decoding=\"async\" class=\"aligncenter\" src=\"http:\/\/farm4.static.flickr.com\/3333\/3292807190_1a5cc95c34.jpg?v=1236242753\" alt=\"\" \/><\/a>En San Vicente Ferrer (Malasa\u00f1a).<\/p>\n<p>Y pronto, m\u00e1s all\u00e1 de los l\u00edmites de nuestra ciudad:<br \/>\n<img loading=\"lazy\" decoding=\"async\" class=\"size-full wp-image-774 aligncenter\" title=\"Cartel de limits_of_control\" src=\"http:\/\/www.elenacabrera.com\/weblog\/wp-content\/uploads\/2009\/04\/limits_of_control.jpg\" alt=\"Cartel de limits_of_control\" width=\"295\" height=\"436\" \/><\/p>\n","protected":false},"excerpt":{"rendered":"<p>Hace tiempo os habl\u00e9 de mis conversaciones con Jim Jarmusch cuando estuvo rodando su \u00faltima pel\u00edcula en Madrid, titulada The Limits of Control. Protagonizada por Isaach de Bakol\u00e9, Bill Murray, Tilda Swinton, Gael Garc\u00eda Bernal y Luis Tosar entre otros, Jarmusch persigue por Espa\u00f1a a un solitario y aislado asesino que debe finalizar su trabajo. [&hellip;]<\/p>\n","protected":false},"author":1,"featured_media":0,"comment_status":"open","ping_status":"open","sticky":false,"template":"","format":"standard","meta":{"footnotes":""},"categories":[],"tags":[],"class_list":["post-200772","post","type-post","status-publish","format-standard","hentry"],"_links":{"self":[{"href":"https:\/\/www.elenacabrera.com\/weblog3\/wp-json\/wp\/v2\/posts\/200772","targetHints":{"allow":["GET"]}}],"collection":[{"href":"https:\/\/www.elenacabrera.com\/weblog3\/wp-json\/wp\/v2\/posts"}],"about":[{"href":"https:\/\/www.elenacabrera.com\/weblog3\/wp-json\/wp\/v2\/types\/post"}],"author":[{"embeddable":true,"href":"https:\/\/www.elenacabrera.com\/weblog3\/wp-json\/wp\/v2\/users\/1"}],"replies":[{"embeddable":true,"href":"https:\/\/www.elenacabrera.com\/weblog3\/wp-json\/wp\/v2\/comments?post=200772"}],"version-history":[{"count":1,"href":"https:\/\/www.elenacabrera.com\/weblog3\/wp-json\/wp\/v2\/posts\/200772\/revisions"}],"predecessor-version":[{"id":2002002677,"href":"https:\/\/www.elenacabrera.com\/weblog3\/wp-json\/wp\/v2\/posts\/200772\/revisions\/2002002677"}],"wp:attachment":[{"href":"https:\/\/www.elenacabrera.com\/weblog3\/wp-json\/wp\/v2\/media?parent=200772"}],"wp:term":[{"taxonomy":"category","embeddable":true,"href":"https:\/\/www.elenacabrera.com\/weblog3\/wp-json\/wp\/v2\/categories?post=200772"},{"taxonomy":"post_tag","embeddable":true,"href":"https:\/\/www.elenacabrera.com\/weblog3\/wp-json\/wp\/v2\/tags?post=200772"}],"curies":[{"name":"wp","href":"https:\/\/api.w.org\/{rel}","templated":true}]}}