{"id":200788,"date":"2009-04-16T11:31:20","date_gmt":"2009-04-16T09:31:20","guid":{"rendered":""},"modified":"2019-05-25T20:23:59","modified_gmt":"2019-05-25T18:23:59","slug":"vuelvo-a-la-radio","status":"publish","type":"post","link":"https:\/\/www.elenacabrera.com\/weblog3\/2009\/04\/16\/vuelvo-a-la-radio\/","title":{"rendered":"Vuelvo a la radio"},"content":{"rendered":"<p><a href=\"http:\/\/www.elenacabrera.com\/weblog\/wp-content\/uploads\/2009\/04\/1.jpg\"><img loading=\"lazy\" decoding=\"async\" class=\"aligncenter size-full wp-image-792\" title=\"Radio C\u00edrculo, Comunes\" src=\"http:\/\/www.elenacabrera.com\/weblog\/wp-content\/uploads\/2009\/04\/1.jpg\" alt=\"Radio C\u00edrculo, Comunes\" width=\"500\" height=\"333\" \/><\/a><\/p>\n<p>A partir de hoy y gracias a la invitaci\u00f3n de David y Nacho, a los que hipnotic\u00e9 hace dos semanas cuando estuve hablando en su programa, inicio una colaboraci\u00f3n semanal en <strong>Comunes<\/strong> (Radio C\u00edrculo, en el 100.4 de la fm Madrid o <a href=\"http:\/\/www.circulobellasartes.com\/ag_radio.php\">streaming en directo a trav\u00e9s de su web<\/a>).<br \/>\nMe dan un \u00abcheque en blanco\u00bb, seg\u00fan declaraciones de David, para hablar de lo que quiera. As\u00ed que voy a comenzar con el sello de <strong>Olivier Arson<\/strong>, <a href=\"http:\/\/www.envelopecollective.org\">Envelope Collective<\/a>, y <a href=\"http:\/\/www.last.fm\/event\/990389\">la fiesta que hacen el viernes 17 de abril<\/a> para presentarlo (en la Bo\u00eete, Madrid). En ella tocar\u00e1n las gemelas canadienses <a href=\"http:\/\/www.myspace.com\/ghostbees\"><strong>Ghost Bees<\/strong><\/a>, el propio Olivier (<a href=\"http:\/\/www.myspace.com\/thefoldingandthepoint\"><strong>The Folding and the Point<\/strong><\/a>) y los invitados <strong>McEnroe<\/strong>. Todo un tributo a la lentitud.<\/p>\n<p style=\"text-align: center;\"><img decoding=\"async\" class=\"aligncenter\" src=\"http:\/\/userserve-ak.last.fm\/serve\/_\/25897465\/Ghost+Bees++McEnroe++The+Folding+and+the+Point+cartellastfm.jpg\" alt=\"\" \/><\/p>\n","protected":false},"excerpt":{"rendered":"<p>A partir de hoy y gracias a la invitaci\u00f3n de David y Nacho, a los que hipnotic\u00e9 hace dos semanas cuando estuve hablando en su programa, inicio una colaboraci\u00f3n semanal en Comunes (Radio C\u00edrculo, en el 100.4 de la fm Madrid o streaming en directo a trav\u00e9s de su web). Me dan un \u00abcheque en [&hellip;]<\/p>\n","protected":false},"author":1,"featured_media":0,"comment_status":"open","ping_status":"open","sticky":false,"template":"","format":"standard","meta":{"footnotes":""},"categories":[3],"tags":[],"class_list":["post-200788","post","type-post","status-publish","format-standard","hentry","category-twentytwentyfive"],"_links":{"self":[{"href":"https:\/\/www.elenacabrera.com\/weblog3\/wp-json\/wp\/v2\/posts\/200788","targetHints":{"allow":["GET"]}}],"collection":[{"href":"https:\/\/www.elenacabrera.com\/weblog3\/wp-json\/wp\/v2\/posts"}],"about":[{"href":"https:\/\/www.elenacabrera.com\/weblog3\/wp-json\/wp\/v2\/types\/post"}],"author":[{"embeddable":true,"href":"https:\/\/www.elenacabrera.com\/weblog3\/wp-json\/wp\/v2\/users\/1"}],"replies":[{"embeddable":true,"href":"https:\/\/www.elenacabrera.com\/weblog3\/wp-json\/wp\/v2\/comments?post=200788"}],"version-history":[{"count":1,"href":"https:\/\/www.elenacabrera.com\/weblog3\/wp-json\/wp\/v2\/posts\/200788\/revisions"}],"predecessor-version":[{"id":2002002678,"href":"https:\/\/www.elenacabrera.com\/weblog3\/wp-json\/wp\/v2\/posts\/200788\/revisions\/2002002678"}],"wp:attachment":[{"href":"https:\/\/www.elenacabrera.com\/weblog3\/wp-json\/wp\/v2\/media?parent=200788"}],"wp:term":[{"taxonomy":"category","embeddable":true,"href":"https:\/\/www.elenacabrera.com\/weblog3\/wp-json\/wp\/v2\/categories?post=200788"},{"taxonomy":"post_tag","embeddable":true,"href":"https:\/\/www.elenacabrera.com\/weblog3\/wp-json\/wp\/v2\/tags?post=200788"}],"curies":[{"name":"wp","href":"https:\/\/api.w.org\/{rel}","templated":true}]}}