{"id":200808,"date":"2009-05-08T17:02:09","date_gmt":"2009-05-08T15:02:09","guid":{"rendered":""},"modified":"2019-05-25T20:26:25","modified_gmt":"2019-05-25T18:26:25","slug":"absencia","status":"publish","type":"post","link":"https:\/\/www.elenacabrera.com\/weblog3\/2009\/05\/08\/absencia\/","title":{"rendered":"Absencia"},"content":{"rendered":"<p><a href=\"http:\/\/www.elenacabrera.com\/weblog\/wp-content\/uploads\/2009\/05\/img_0025.jpg\"><img loading=\"lazy\" decoding=\"async\" class=\"alignleft size-full wp-image-810\" title=\"Polvo\" src=\"http:\/\/www.elenacabrera.com\/weblog\/wp-content\/uploads\/2009\/05\/img_0025.jpg\" alt=\"Polvo\" width=\"240\" height=\"320\" \/><\/a>Voy al balc\u00f3n a leer a un Aldecoa que le he cogido a Milord de esa estanter\u00eda que ha pasado a formar parte del Imperio estelar, pero acabo distray\u00e9ndome porque el sol rebota en las p\u00e1ginas blancas y me hace da\u00f1o en los ojos. Miro hacia abajo atra\u00edda por una chica de falta larga que camina ondeando la tela, marcando el ritmo a paso r\u00e1pido. Imagino que se cree en un videoclip. Recapacito unos segundos despu\u00e9s, a menudo creo que todo el mundo piensa igual que yo.<\/p>\n<p>Ayer nos dio un ataque de risa en el programa de radio. No dir\u00e9 en qu\u00e9 momento porque es bochornoso. Entend\u00ed que la palabra ataque sirve, precisamente, para casos como este, en los que no puedes hacer nada para defenderte de esa bomba algo imp\u00fadica. En el balc\u00f3n he recordado la cantidad de tonter\u00edas que dije ayer. Me explico fatal bajo presi\u00f3n. Yo s\u00e9 lo que quiero decir pero no me sale y entonces la lengua se me va por lo t\u00f3picos y al querer arreglarlo lo empeoro.<\/p>\n<p>Con lo bien que estaba yo leyendo a Aldecoa no s\u00e9 porqu\u00e9 tuve que empezar a pensar. Lo hago poco, no hab\u00eda porqu\u00e9 intentar mejorarlo. Hoy, desde luego, no parece d\u00eda para pensar mucho. Quiz\u00e1s ma\u00f1ana, que llover\u00e1. Pero hoy el sol te tuesta las ideas. A m\u00ed me gusta pensar hablando pero eso es algo muy inusual porque no existen interlocutores dispuestos a ello. La gente quiere datos, chistes, cosas nuevas, ideas \u00e1giles esbozadas en tres segundos. Si no sabes hacer eso olv\u00eddate, estar\u00e1s condenando, como yo, a tener un blog como \u00fanico compa\u00f1ero de conversaci\u00f3n.<\/p>\n","protected":false},"excerpt":{"rendered":"<p>Voy al balc\u00f3n a leer a un Aldecoa que le he cogido a Milord de esa estanter\u00eda que ha pasado a formar parte del Imperio estelar, pero acabo distray\u00e9ndome porque el sol rebota en las p\u00e1ginas blancas y me hace da\u00f1o en los ojos. Miro hacia abajo atra\u00edda por una chica de falta larga que [&hellip;]<\/p>\n","protected":false},"author":1,"featured_media":0,"comment_status":"open","ping_status":"open","sticky":false,"template":"","format":"standard","meta":{"footnotes":""},"categories":[],"tags":[],"class_list":["post-200808","post","type-post","status-publish","format-standard","hentry"],"_links":{"self":[{"href":"https:\/\/www.elenacabrera.com\/weblog3\/wp-json\/wp\/v2\/posts\/200808","targetHints":{"allow":["GET"]}}],"collection":[{"href":"https:\/\/www.elenacabrera.com\/weblog3\/wp-json\/wp\/v2\/posts"}],"about":[{"href":"https:\/\/www.elenacabrera.com\/weblog3\/wp-json\/wp\/v2\/types\/post"}],"author":[{"embeddable":true,"href":"https:\/\/www.elenacabrera.com\/weblog3\/wp-json\/wp\/v2\/users\/1"}],"replies":[{"embeddable":true,"href":"https:\/\/www.elenacabrera.com\/weblog3\/wp-json\/wp\/v2\/comments?post=200808"}],"version-history":[{"count":1,"href":"https:\/\/www.elenacabrera.com\/weblog3\/wp-json\/wp\/v2\/posts\/200808\/revisions"}],"predecessor-version":[{"id":2002002682,"href":"https:\/\/www.elenacabrera.com\/weblog3\/wp-json\/wp\/v2\/posts\/200808\/revisions\/2002002682"}],"wp:attachment":[{"href":"https:\/\/www.elenacabrera.com\/weblog3\/wp-json\/wp\/v2\/media?parent=200808"}],"wp:term":[{"taxonomy":"category","embeddable":true,"href":"https:\/\/www.elenacabrera.com\/weblog3\/wp-json\/wp\/v2\/categories?post=200808"},{"taxonomy":"post_tag","embeddable":true,"href":"https:\/\/www.elenacabrera.com\/weblog3\/wp-json\/wp\/v2\/tags?post=200808"}],"curies":[{"name":"wp","href":"https:\/\/api.w.org\/{rel}","templated":true}]}}