{"id":200826,"date":"2009-05-13T20:29:10","date_gmt":"2009-05-13T18:29:10","guid":{"rendered":""},"modified":"2019-05-25T20:25:34","modified_gmt":"2019-05-25T18:25:34","slug":"%c2%bfa-que-suenan-los-cuerpos","status":"publish","type":"post","link":"https:\/\/www.elenacabrera.com\/weblog3\/2009\/05\/13\/%c2%bfa-que-suenan-los-cuerpos\/","title":{"rendered":"\u00bfA qu\u00e9 suenan los cuerpos?"},"content":{"rendered":"<p>Si quieres saber a qu\u00e9, est\u00e1s condenado a escuchar ma\u00f1ana (16h) mi secci\u00f3n Poco Com\u00fan en Comunes, en <a href=\"http:\/\/www.radiocirculo.es\">Radio C\u00edrculo<\/a>.<\/p>\n<p style=\"text-align: center;\">\u00a0<\/p>\n<p style=\"text-align: center;\"><a href=\"http:\/\/www.elenacabrera.com\/weblog\/wp-content\/uploads\/2009\/05\/cartel_fotomat_nbar.jpg\"><img loading=\"lazy\" decoding=\"async\" class=\"aligncenter size-full wp-image-827\" title=\"id al concierto\" src=\"http:\/\/www.elenacabrera.com\/weblog\/wp-content\/uploads\/2009\/05\/cartel_fotomat_nbar.jpg\" alt=\"id al concierto\" width=\"433\" height=\"655\" \/><\/a><\/p>\n<p style=\"text-align: left;\"><a href=\"http:\/\/www.last.fm\/event\/1045324\">Evento en Last.fm<\/a><\/p>\n","protected":false},"excerpt":{"rendered":"<p>Si quieres saber a qu\u00e9, est\u00e1s condenado a escuchar ma\u00f1ana (16h) mi secci\u00f3n Poco Com\u00fan en Comunes, en Radio C\u00edrculo. \u00a0 Evento en Last.fm<\/p>\n","protected":false},"author":1,"featured_media":0,"comment_status":"open","ping_status":"open","sticky":false,"template":"","format":"standard","meta":{"footnotes":""},"categories":[3],"tags":[],"class_list":["post-200826","post","type-post","status-publish","format-standard","hentry","category-twentytwentyfive"],"_links":{"self":[{"href":"https:\/\/www.elenacabrera.com\/weblog3\/wp-json\/wp\/v2\/posts\/200826","targetHints":{"allow":["GET"]}}],"collection":[{"href":"https:\/\/www.elenacabrera.com\/weblog3\/wp-json\/wp\/v2\/posts"}],"about":[{"href":"https:\/\/www.elenacabrera.com\/weblog3\/wp-json\/wp\/v2\/types\/post"}],"author":[{"embeddable":true,"href":"https:\/\/www.elenacabrera.com\/weblog3\/wp-json\/wp\/v2\/users\/1"}],"replies":[{"embeddable":true,"href":"https:\/\/www.elenacabrera.com\/weblog3\/wp-json\/wp\/v2\/comments?post=200826"}],"version-history":[{"count":1,"href":"https:\/\/www.elenacabrera.com\/weblog3\/wp-json\/wp\/v2\/posts\/200826\/revisions"}],"predecessor-version":[{"id":2002002681,"href":"https:\/\/www.elenacabrera.com\/weblog3\/wp-json\/wp\/v2\/posts\/200826\/revisions\/2002002681"}],"wp:attachment":[{"href":"https:\/\/www.elenacabrera.com\/weblog3\/wp-json\/wp\/v2\/media?parent=200826"}],"wp:term":[{"taxonomy":"category","embeddable":true,"href":"https:\/\/www.elenacabrera.com\/weblog3\/wp-json\/wp\/v2\/categories?post=200826"},{"taxonomy":"post_tag","embeddable":true,"href":"https:\/\/www.elenacabrera.com\/weblog3\/wp-json\/wp\/v2\/tags?post=200826"}],"curies":[{"name":"wp","href":"https:\/\/api.w.org\/{rel}","templated":true}]}}