{"id":20084,"date":"2008-12-11T19:22:29","date_gmt":"2008-12-11T18:22:29","guid":{"rendered":""},"modified":"2008-12-11T19:22:29","modified_gmt":"2008-12-11T18:22:29","slug":"la-agonia-de-las-salas-en-madrid","status":"publish","type":"post","link":"https:\/\/www.elenacabrera.com\/weblog3\/2008\/12\/11\/la-agonia-de-las-salas-en-madrid\/","title":{"rendered":"La agon\u00eda de las salas en Madrid"},"content":{"rendered":"<p>La <a href=\"http:\/\/www.adn.es\/cultura\/20081211\/NWS-2350-Madrid-denuncian-cierres-musica-brutal.html\">Asociaci\u00f3n de Salas de M\u00fasica en Vivo ha dado hoy una rueda de prensa<\/a> y ha emitido un comunicado, del que extraigo esto:<\/p>\n<blockquote><p><span style=\"font-family: Verdana; font-size: x-small;\"><span style=\"font-size: 10pt; font-family: Verdana;\">El cierre de La Riviera ha demostrado el d\u00e9ficit actual de infraestructuras de tama\u00f1o medio-grande en Madrid (aforos entre 400 y 2500 personas) y como la privaci\u00f3n de un espacio de estas caracter\u00edsticas supone un recorte dr\u00e1stico en la vida cultural de la ciudad. Vivimos en una situaci\u00f3n de m\u00ednimos.<\/span><\/span><\/p>\n<p><span style=\"font-family: Verdana; font-size: x-small;\"><span style=\"font-size: 10pt; font-family: Verdana;\">Hay una carencia completa de est\u00edmulos por parte de la  Administraci\u00f3n para que la iniciativa privada desarrolle nuevos proyectos culturales vinculados con la m\u00fasica en Madrid. No solo hay una falta de incentivos pero incluso se ponen cortapisas a esos proyectos poniendo de manifiesto la falta de sensibilidad cultural hacia las m\u00fasicas actuales.<\/span><\/span><\/p>\n<p><span style=\"font-family: Verdana; font-size: x-small;\"><span style=\"font-size: 10pt; font-family: Verdana;\">No es de extra\u00f1ar pues la ausencia de iniciativas entre los empresarios de la industria cultural y no hablemos ya de suscitar nuevas vocaciones entre los emprendedores m\u00e1s j\u00f3venes. Recientemente, y tras varios a\u00f1os de gestiones, el grupo catal\u00e1n Razzmatazz-Sinnamon tuvo que abandonar su idea de abrir una sala de conciertos en Madrid.<\/span><\/span><\/p><\/blockquote>\n<p>Conoc\u00eda los rumores y hab\u00eda o\u00eddo que igual Sinnamon abandonaba la idea de abrir un Mond o un Razz en Madrid pero veo que ellos lo confirman.<br \/>\nTambi\u00e9n me llega un email de Iguapop, la promotora informa que no han encontrado d\u00f3nde meter el concierto de <strong>Gogol Bordello<\/strong> que estaba programado para ma\u00f1ana en La Riviera as\u00ed que se lo tienen que comer y queda cancelado.<\/p>\n","protected":false},"excerpt":{"rendered":"<p>La Asociaci\u00f3n de Salas de M\u00fasica en Vivo ha dado hoy una rueda de prensa y ha emitido un comunicado, del que extraigo esto: El cierre de La Riviera ha demostrado el d\u00e9ficit actual de infraestructuras de tama\u00f1o medio-grande en Madrid (aforos entre 400 y 2500 personas) y como la privaci\u00f3n de un espacio de [&hellip;]<\/p>\n","protected":false},"author":1,"featured_media":0,"comment_status":"open","ping_status":"open","sticky":false,"template":"","format":"standard","meta":{"footnotes":""},"categories":[],"tags":[],"class_list":["post-20084","post","type-post","status-publish","format-standard","hentry"],"_links":{"self":[{"href":"https:\/\/www.elenacabrera.com\/weblog3\/wp-json\/wp\/v2\/posts\/20084","targetHints":{"allow":["GET"]}}],"collection":[{"href":"https:\/\/www.elenacabrera.com\/weblog3\/wp-json\/wp\/v2\/posts"}],"about":[{"href":"https:\/\/www.elenacabrera.com\/weblog3\/wp-json\/wp\/v2\/types\/post"}],"author":[{"embeddable":true,"href":"https:\/\/www.elenacabrera.com\/weblog3\/wp-json\/wp\/v2\/users\/1"}],"replies":[{"embeddable":true,"href":"https:\/\/www.elenacabrera.com\/weblog3\/wp-json\/wp\/v2\/comments?post=20084"}],"version-history":[{"count":0,"href":"https:\/\/www.elenacabrera.com\/weblog3\/wp-json\/wp\/v2\/posts\/20084\/revisions"}],"wp:attachment":[{"href":"https:\/\/www.elenacabrera.com\/weblog3\/wp-json\/wp\/v2\/media?parent=20084"}],"wp:term":[{"taxonomy":"category","embeddable":true,"href":"https:\/\/www.elenacabrera.com\/weblog3\/wp-json\/wp\/v2\/categories?post=20084"},{"taxonomy":"post_tag","embeddable":true,"href":"https:\/\/www.elenacabrera.com\/weblog3\/wp-json\/wp\/v2\/tags?post=20084"}],"curies":[{"name":"wp","href":"https:\/\/api.w.org\/{rel}","templated":true}]}}