{"id":200882,"date":"2009-06-20T23:51:35","date_gmt":"2009-06-20T22:51:35","guid":{"rendered":""},"modified":"2009-06-21T01:24:36","modified_gmt":"2009-06-21T00:24:36","slug":"882","status":"publish","type":"post","link":"https:\/\/www.elenacabrera.com\/weblog3\/2009\/06\/20\/882\/","title":{"rendered":"\u00bfKetal?"},"content":{"rendered":"<p>Clar\u00edsimamente, sigo en modo ecos de sociedad. Al que le aburra basta con leer directamente las <strong>negritas<\/strong> y as\u00ed se salta la paja. Hoy me levant\u00e9 tempran\u00edsimo (para ser s\u00e1bado y estar en paro), a las <strong>8:30<\/strong> para poder planchar sin licuarme por el calor. Me ventil\u00e9 dos lavadoras mientras ve\u00eda <em><a href=\"http:\/\/www.alohacriticon.com\/elcriticon\/article872.html\">La m\u00e1scara de la muerte roja<\/a><\/em>, de <strong>Roger Corman<\/strong> sobre relato de <strong>Edgar Alan Poe<\/strong> (qu\u00e9 grand\u00edsimo est\u00e1 <strong>Vincent Price<\/strong> y qu\u00e9 bonita pel\u00edcula llena de s\u00edmbolos). Puede que planchar no sea un arte de mucha clase, a no ser que vivas en mi casa y veas una pel\u00edcula como esta.<\/p>\n<p>Despu\u00e9s com\u00ed en la terraza sindical con las escritoras <strong>Carolina Le\u00f3n<\/strong> y <strong>Lola Almeida<\/strong>, su madre. Le hice a Carolina la propuesta de la que os habl\u00e9 ayer y dijo s\u00ed.<\/p>\n<p>Volv\u00ed pronto a casa (vale, algo sencillo incluso para una muchacha tan dura de horarios como yo, teniendo en cuenta que la terraza sindical se encuentra en el pasaje contiguo al m\u00edo) ya que ten\u00edamos invitados en casa a la hora del t\u00e9. Hace un rato, <strong>Mayte<\/strong> me dec\u00eda que me perdonar\u00eda algunas de las cosas que he dicho si contaba en mi blog alguno de sus chistes:<\/p>\n<p>-Se abre el tel\u00f3n y vemos un barco (no un cami\u00f3n, sino un barco) lleno de yeso hundi\u00e9ndose en el mar. \u00bfC\u00f3mo se llama la canci\u00f3n?<br \/>\n-La Marsellesa.<\/p>\n<p>\u00a1Es probable que escrito tenga a\u00fan menos gracia que contado!<\/p>\n<p>Mayte trajo un bizcocho riqu\u00edsimo que ella misma hizo. Tambi\u00e9n vinieron <strong>I\u00f1aki<\/strong> y <strong>Jos\u00e9 Ram\u00f3n<\/strong> (y trajeron helado). Viejos compa\u00f1eros de andanzas de <strong><a href=\"http:\/\/www.albertomonreal.com\/\">Alberto<\/a><\/strong><a href=\"http:\/\/www.albertomonreal.com\/\"> <\/a>(y Mayte tambi\u00e9n de alguna m\u00eda), tanto Alberto como yo acabamos sac\u00e1ndoles fotos donde ellos sal\u00edan. Se contaron muchas historias del pasado, tambi\u00e9n muchas del presente, y nos re\u00edmos mucho. Hablamos tanto del barrio, de los locales y de la gente que casi parece el centro del mundo. Despu\u00e9s, Alberto se fue a trabajar y \u00a0yo les acompa\u00f1\u00e9 a una terraza de nuestro barrio de Prosperidad, junto a <strong>Vanessa<\/strong> y <strong>Marta<\/strong>. Una vez all\u00ed, les fustigu\u00e9 vilmente con mi radical activismo vegetariano, antiespecista y anticapitalista. Probablemente les di la noche (todos ellos son omn\u00edvoros y viven con mascotas), pero es que cuando empiezo no puedo parar. \u00abEstas cosas no las digo en la primera cita\u00bb, le dije a Mayte. Y luego es mentira, en realidad s\u00ed las digo, en cuanto me tiran de la lengua. Ahora mismo me estoy acordando de aquella comida que les di a los del <a href=\"http:\/\/www.zemos98.org\/\"><strong>Zemos98<\/strong><\/a>. Yo creo que con comida delante debe sentar a\u00fan peor.<\/p>\n<p>Me he vuelto a casa a las doce en punto, como las\u00a0<strong>cenicientas<\/strong>, algo triste, no s\u00e9 porqu\u00e9. Quiz\u00e1s porque <strong>milord<\/strong> est\u00e1 fuera, trabajando.<\/p>\n<p>Como espero que todos ellos acaben pas\u00e1ndose por mi blog, les mando un saludo desde aqu\u00ed, \u00a1me lo pas\u00e9 muy bien!<\/p>\n","protected":false},"excerpt":{"rendered":"<p>Clar\u00edsimamente, sigo en modo ecos de sociedad. Al que le aburra basta con leer directamente las negritas y as\u00ed se salta la paja. Hoy me levant\u00e9 tempran\u00edsimo (para ser s\u00e1bado y estar en paro), a las 8:30 para poder planchar sin licuarme por el calor. Me ventil\u00e9 dos lavadoras mientras ve\u00eda La m\u00e1scara de la [&hellip;]<\/p>\n","protected":false},"author":1,"featured_media":0,"comment_status":"open","ping_status":"open","sticky":false,"template":"","format":"standard","meta":{"footnotes":""},"categories":[],"tags":[],"class_list":["post-200882","post","type-post","status-publish","format-standard","hentry"],"_links":{"self":[{"href":"https:\/\/www.elenacabrera.com\/weblog3\/wp-json\/wp\/v2\/posts\/200882","targetHints":{"allow":["GET"]}}],"collection":[{"href":"https:\/\/www.elenacabrera.com\/weblog3\/wp-json\/wp\/v2\/posts"}],"about":[{"href":"https:\/\/www.elenacabrera.com\/weblog3\/wp-json\/wp\/v2\/types\/post"}],"author":[{"embeddable":true,"href":"https:\/\/www.elenacabrera.com\/weblog3\/wp-json\/wp\/v2\/users\/1"}],"replies":[{"embeddable":true,"href":"https:\/\/www.elenacabrera.com\/weblog3\/wp-json\/wp\/v2\/comments?post=200882"}],"version-history":[{"count":0,"href":"https:\/\/www.elenacabrera.com\/weblog3\/wp-json\/wp\/v2\/posts\/200882\/revisions"}],"wp:attachment":[{"href":"https:\/\/www.elenacabrera.com\/weblog3\/wp-json\/wp\/v2\/media?parent=200882"}],"wp:term":[{"taxonomy":"category","embeddable":true,"href":"https:\/\/www.elenacabrera.com\/weblog3\/wp-json\/wp\/v2\/categories?post=200882"},{"taxonomy":"post_tag","embeddable":true,"href":"https:\/\/www.elenacabrera.com\/weblog3\/wp-json\/wp\/v2\/tags?post=200882"}],"curies":[{"name":"wp","href":"https:\/\/api.w.org\/{rel}","templated":true}]}}