{"id":200890,"date":"2009-06-21T23:22:35","date_gmt":"2009-06-21T22:22:35","guid":{"rendered":""},"modified":"2009-07-05T00:01:44","modified_gmt":"2009-07-04T23:01:44","slug":"domingo-de-bucear-en-la-memoria","status":"publish","type":"post","link":"https:\/\/www.elenacabrera.com\/weblog3\/2009\/06\/21\/domingo-de-bucear-en-la-memoria\/","title":{"rendered":"Domingo de bucear en la memoria"},"content":{"rendered":"<p>Tres momentos hist\u00f3ricos frente al micro (\u00a1y tambi\u00e9n 3 cortes de pelo!):<\/p>\n<p>Radio Carcoma en Canillejas (1993 o 1994).<\/p>\n<p style=\"text-align: center;\"><a title=\"Los viejos d\u00edas de Radio Carcoma por elenac, en Flickr\" href=\"http:\/\/www.flickr.com\/photos\/elenac\/3647767833\/\"><img loading=\"lazy\" decoding=\"async\" class=\"aligncenter\" src=\"http:\/\/farm4.static.flickr.com\/3398\/3647767833_44ef9d6655.jpg\" alt=\"Los viejos d\u00edas de Radio Carcoma\" width=\"343\" height=\"500\" \/><\/a><\/p>\n<p>Radio Carcoma en Hermanos Garc\u00eda Noblejas (2005):<\/p>\n<p><a href=\"http:\/\/www.flickr.com\/photos\/fluzo\/22555796\/\"><img decoding=\"async\" src=\"http:\/\/farm1.static.flickr.com\/15\/22555796_65e8704d39.jpg\" alt=\"\" \/><\/a><\/p>\n<p>Radio C\u00edrculo (2009):<\/p>\n<p><img decoding=\"async\" src=\"http:\/\/www.elenacabrera.com\/weblog\/wp-content\/uploads\/2009\/04\/1.jpg\" alt=\"\" \/><\/p>\n","protected":false},"excerpt":{"rendered":"<p>Tres momentos hist\u00f3ricos frente al micro (\u00a1y tambi\u00e9n 3 cortes de pelo!): Radio Carcoma en Canillejas (1993 o 1994). Radio Carcoma en Hermanos Garc\u00eda Noblejas (2005): Radio C\u00edrculo (2009):<\/p>\n","protected":false},"author":1,"featured_media":0,"comment_status":"open","ping_status":"open","sticky":false,"template":"","format":"standard","meta":{"footnotes":""},"categories":[],"tags":[],"class_list":["post-200890","post","type-post","status-publish","format-standard","hentry"],"_links":{"self":[{"href":"https:\/\/www.elenacabrera.com\/weblog3\/wp-json\/wp\/v2\/posts\/200890","targetHints":{"allow":["GET"]}}],"collection":[{"href":"https:\/\/www.elenacabrera.com\/weblog3\/wp-json\/wp\/v2\/posts"}],"about":[{"href":"https:\/\/www.elenacabrera.com\/weblog3\/wp-json\/wp\/v2\/types\/post"}],"author":[{"embeddable":true,"href":"https:\/\/www.elenacabrera.com\/weblog3\/wp-json\/wp\/v2\/users\/1"}],"replies":[{"embeddable":true,"href":"https:\/\/www.elenacabrera.com\/weblog3\/wp-json\/wp\/v2\/comments?post=200890"}],"version-history":[{"count":0,"href":"https:\/\/www.elenacabrera.com\/weblog3\/wp-json\/wp\/v2\/posts\/200890\/revisions"}],"wp:attachment":[{"href":"https:\/\/www.elenacabrera.com\/weblog3\/wp-json\/wp\/v2\/media?parent=200890"}],"wp:term":[{"taxonomy":"category","embeddable":true,"href":"https:\/\/www.elenacabrera.com\/weblog3\/wp-json\/wp\/v2\/categories?post=200890"},{"taxonomy":"post_tag","embeddable":true,"href":"https:\/\/www.elenacabrera.com\/weblog3\/wp-json\/wp\/v2\/tags?post=200890"}],"curies":[{"name":"wp","href":"https:\/\/api.w.org\/{rel}","templated":true}]}}