{"id":200893,"date":"2009-06-22T14:38:49","date_gmt":"2009-06-22T13:38:49","guid":{"rendered":""},"modified":"2009-06-23T10:03:17","modified_gmt":"2009-06-23T09:03:17","slug":"%c2%a1me-llaman-al-pais-de-las-maravillas","status":"publish","type":"post","link":"https:\/\/www.elenacabrera.com\/weblog3\/2009\/06\/22\/%c2%a1me-llaman-al-pais-de-las-maravillas\/","title":{"rendered":"\u00a1Me llaman al pa\u00eds de las maravillas!"},"content":{"rendered":"<p>Me he quedado sin respiraci\u00f3n:<\/p>\n<p><img decoding=\"async\" src=\"http:\/\/www.elenacabrera.com\/weblog\/wp-content\/uploads\/2009\/06\/aliceusatoday1.jpg\"><\/p>\n<p><img decoding=\"async\" src=\"http:\/\/www.elenacabrera.com\/weblog\/wp-content\/uploads\/2009\/06\/aliceusatoday2.jpg\"><\/p>\n<p><img decoding=\"async\" src=\"http:\/\/www.elenacabrera.com\/weblog\/wp-content\/uploads\/2009\/06\/aliceusatoday3.jpg\"><\/p>\n<p><img decoding=\"async\" src=\"http:\/\/img.thesun.co.uk\/multimedia\/archive\/00830\/SNF2218B-380_830023a.jpg\"><\/p>\n<p><img decoding=\"async\" src=\"http:\/\/www.elenacabrera.com\/weblog\/wp-content\/uploads\/2009\/06\/aliceusatoday4.jpg\"><\/p>\n<p><img decoding=\"async\" src=\"http:\/\/www.elenacabrera.com\/weblog\/wp-content\/uploads\/2009\/06\/aliceusatoday5.jpg\"><\/p>\n<p><img decoding=\"async\" src=\"http:\/\/www.elenacabrera.com\/weblog\/wp-content\/uploads\/2009\/06\/aliceusatoday7.jpg\"><\/p>\n<p>Las primeras fotos de Alicia en el Pa\u00eds de las Maravillas de Tim Burton, que se estrenar\u00e1 el 5 de marzo de 2010, <a href=\"http:\/\/www.usatoday.com\/life\/movies\/news\/2009-06-21-alice-in-wonderland_N.htm\">las ha sacado USA Today<\/a>.<\/p>\n","protected":false},"excerpt":{"rendered":"<p>Me he quedado sin respiraci\u00f3n: Las primeras fotos de Alicia en el Pa\u00eds de las Maravillas de Tim Burton, que se estrenar\u00e1 el 5 de marzo de 2010, las ha sacado USA Today.<\/p>\n","protected":false},"author":1,"featured_media":0,"comment_status":"open","ping_status":"open","sticky":false,"template":"","format":"standard","meta":{"footnotes":""},"categories":[],"tags":[],"class_list":["post-200893","post","type-post","status-publish","format-standard","hentry"],"_links":{"self":[{"href":"https:\/\/www.elenacabrera.com\/weblog3\/wp-json\/wp\/v2\/posts\/200893","targetHints":{"allow":["GET"]}}],"collection":[{"href":"https:\/\/www.elenacabrera.com\/weblog3\/wp-json\/wp\/v2\/posts"}],"about":[{"href":"https:\/\/www.elenacabrera.com\/weblog3\/wp-json\/wp\/v2\/types\/post"}],"author":[{"embeddable":true,"href":"https:\/\/www.elenacabrera.com\/weblog3\/wp-json\/wp\/v2\/users\/1"}],"replies":[{"embeddable":true,"href":"https:\/\/www.elenacabrera.com\/weblog3\/wp-json\/wp\/v2\/comments?post=200893"}],"version-history":[{"count":0,"href":"https:\/\/www.elenacabrera.com\/weblog3\/wp-json\/wp\/v2\/posts\/200893\/revisions"}],"wp:attachment":[{"href":"https:\/\/www.elenacabrera.com\/weblog3\/wp-json\/wp\/v2\/media?parent=200893"}],"wp:term":[{"taxonomy":"category","embeddable":true,"href":"https:\/\/www.elenacabrera.com\/weblog3\/wp-json\/wp\/v2\/categories?post=200893"},{"taxonomy":"post_tag","embeddable":true,"href":"https:\/\/www.elenacabrera.com\/weblog3\/wp-json\/wp\/v2\/tags?post=200893"}],"curies":[{"name":"wp","href":"https:\/\/api.w.org\/{rel}","templated":true}]}}