{"id":200918,"date":"2009-06-25T12:39:12","date_gmt":"2009-06-25T11:39:12","guid":{"rendered":""},"modified":"2009-06-25T12:45:06","modified_gmt":"2009-06-25T11:45:06","slug":"casas-libertarias-de-mujeres-anarquistas","status":"publish","type":"post","link":"https:\/\/www.elenacabrera.com\/weblog3\/2009\/06\/25\/casas-libertarias-de-mujeres-anarquistas\/","title":{"rendered":"Casas libertarias de mujeres anarquistas"},"content":{"rendered":"<p>Mi secci\u00f3n de Poco Com\u00fan de hoy va sobre un tema que quer\u00eda hacer para Radioactivos pero me pill\u00f3 de viaje y no pude, as\u00ed que lo paso a Radio C\u00edrculo (mil perdones al podcast de ZEMOS98, ya me tendr\u00e9 que estrenar, supongo que despu\u00e9s del verano, con otro asunto). Jueves, a las 16h en Radio C\u00edrculo (100.4 FM o <a href=\"http:\/\/www.radiocirculo.es\">streaming<\/a>).<br \/>\nComo siempre, dejo aqu\u00ed algunos links e informaci\u00f3n complementaria para los que escuchen el programa.<\/p>\n<p><a href=\"http:\/\/www.memoriadacoruna.com\/index.php?option=com_content&#038;view=article&#038;id=62:documental-qo-resplandor-das-atochasq&#038;catid=30:comision&#038;Itemid=27\">Aqu\u00ed se puede ver el documental O resplandor das Atochas<\/a>, realizado por la Comisi\u00f3n pola Recuperaci\u00f3n da Memoria Hist\u00f3rica da Coru\u00f1a.<\/p>\n<p>La portada:<\/p>\n<p><img loading=\"lazy\" decoding=\"async\" src=\"http:\/\/www.elenacabrera.com\/weblog\/wp-content\/uploads\/2009\/06\/o-resplandar-das-atochas-cartel.jpg\" alt=\"o-resplandar-das-atochas-cartel\" title=\"o-resplandar-das-atochas-cartel\" width=\"300\" height=\"430\" class=\"aligncenter size-full wp-image-919\" \/><\/p>\n<p>La escritora <a href=\"http:\/\/es.wikipedia.org\/wiki\/Carmen_Blanco\">Carmen Blanco<\/a> realiz\u00f3 una conferencia titulada El coraz\u00f3n an\u00e1rquico de Coru\u00f1a. Casas libertarias de mulleres das Atochas:<br \/>\n<img loading=\"lazy\" decoding=\"async\" src=\"http:\/\/www.elenacabrera.com\/weblog\/wp-content\/uploads\/2009\/06\/cartazpalestra-300x212.png\" alt=\"cartazpalestra\" title=\"cartazpalestra\" width=\"300\" height=\"212\" class=\"aligncenter size-medium wp-image-920\" \/><\/p>\n<p>Y tiene este libro que todav\u00eda no he encontrado, editado por CNT en 2007:<br \/>\n<img loading=\"lazy\" decoding=\"async\" src=\"http:\/\/www.elenacabrera.com\/weblog\/wp-content\/uploads\/2009\/06\/casas-207x300.jpg\" alt=\"Carmen Blanco Casas libertarias\" title=\"Carmen Blanco Casas libertarias\" width=\"207\" height=\"300\" class=\"aligncenter size-medium wp-image-921\" \/><\/p>\n<p>Y, sobre los centros sociales, estos son los tres que comento en el programa: el <a href=\"http:\/\/www.agal-gz.org\/blogues\/index.php\/csggaioso\">Gomes Gaioso<\/a> en la rua Marconi (tengo que llevarles de vuelta un libro que me prestaron, no me olvido!), el <a href=\"http:\/\/atreu.info\/\">C. S. Atreu! en la calle san xos\u00e9<\/a> (estos est\u00e1n m\u00e1s hacktivizados) y la <a href=\"http:\/\/www.casadasatochas.info\/\">Casa Das Atochas<\/a>, que es uno de los edificios de las Atochas y que ha sido okupado. Y m\u00e1s informaci\u00f3n sobre <a href=\"http:\/\/www.galizalibertaria.org\/\">Galiza Libertaria aqu\u00ed<\/a>.<\/p>\n","protected":false},"excerpt":{"rendered":"<p>Mi secci\u00f3n de Poco Com\u00fan de hoy va sobre un tema que quer\u00eda hacer para Radioactivos pero me pill\u00f3 de viaje y no pude, as\u00ed que lo paso a Radio C\u00edrculo (mil perdones al podcast de ZEMOS98, ya me tendr\u00e9 que estrenar, supongo que despu\u00e9s del verano, con otro asunto). Jueves, a las 16h en [&hellip;]<\/p>\n","protected":false},"author":1,"featured_media":0,"comment_status":"open","ping_status":"open","sticky":false,"template":"","format":"standard","meta":{"footnotes":""},"categories":[],"tags":[],"class_list":["post-200918","post","type-post","status-publish","format-standard","hentry"],"_links":{"self":[{"href":"https:\/\/www.elenacabrera.com\/weblog3\/wp-json\/wp\/v2\/posts\/200918","targetHints":{"allow":["GET"]}}],"collection":[{"href":"https:\/\/www.elenacabrera.com\/weblog3\/wp-json\/wp\/v2\/posts"}],"about":[{"href":"https:\/\/www.elenacabrera.com\/weblog3\/wp-json\/wp\/v2\/types\/post"}],"author":[{"embeddable":true,"href":"https:\/\/www.elenacabrera.com\/weblog3\/wp-json\/wp\/v2\/users\/1"}],"replies":[{"embeddable":true,"href":"https:\/\/www.elenacabrera.com\/weblog3\/wp-json\/wp\/v2\/comments?post=200918"}],"version-history":[{"count":0,"href":"https:\/\/www.elenacabrera.com\/weblog3\/wp-json\/wp\/v2\/posts\/200918\/revisions"}],"wp:attachment":[{"href":"https:\/\/www.elenacabrera.com\/weblog3\/wp-json\/wp\/v2\/media?parent=200918"}],"wp:term":[{"taxonomy":"category","embeddable":true,"href":"https:\/\/www.elenacabrera.com\/weblog3\/wp-json\/wp\/v2\/categories?post=200918"},{"taxonomy":"post_tag","embeddable":true,"href":"https:\/\/www.elenacabrera.com\/weblog3\/wp-json\/wp\/v2\/tags?post=200918"}],"curies":[{"name":"wp","href":"https:\/\/api.w.org\/{rel}","templated":true}]}}