{"id":200940,"date":"2009-07-04T17:04:32","date_gmt":"2009-07-04T16:04:32","guid":{"rendered":""},"modified":"2009-07-04T17:06:53","modified_gmt":"2009-07-04T16:06:53","slug":"las-hermanas-martin-gaite","status":"publish","type":"post","link":"https:\/\/www.elenacabrera.com\/weblog3\/2009\/07\/04\/las-hermanas-martin-gaite\/","title":{"rendered":"Las hermanas Mart\u00edn Gaite"},"content":{"rendered":"<p><img loading=\"lazy\" decoding=\"async\" class=\"alignleft size-full wp-image-943\" title=\"Obras completas: Novelas II y mis notas de la presentaci\u00f3n\" src=\"http:\/\/www.elenacabrera.com\/weblog\/wp-content\/uploads\/2009\/07\/img_0022.jpg\" alt=\"Obras completas: Novelas II y mis notas de la presentaci\u00f3n\" width=\"300\" height=\"225\" \/>Ayer tuve la suerte de escuchar a <strong>Ana Mart\u00edn Gaite<\/strong> hablar sobre su hermana. Qu\u00e9 sonrisa y qu\u00e9 mirada contagiosa tiene. Cu\u00e1nta generosidad y amabilidad. \u00c9ramos unos pocos periodistas alrededor de una mesa de banquete pero nos hizo sentir que nos hab\u00edan sentado en la intimidad de una mesa camilla.<\/p>\n<p>Lo primero que nos dijo sobre <strong>Carmen Mart\u00edn Gaite<\/strong> fue: \u00abfrancamente, estoy muy emocionada. Los a\u00f1os van pasando y me parece inaudito que siga viva\u00bb. Estaba emocionada, y no era la \u00fanica. Se presentaba el segundo volumen de sus obras completas, la segunda parte de las novelas. \u00abEstar\u00eda muy contenta ahora, porque era muy infantil, madura y reflexiva pero tambi\u00e9n infantil\u00bb. Nos explic\u00f3 que le emocionaban los actos, las presentaciones, las fiestas (y por supuesto la feria). \u00abSe compraba ropa y me dec\u00eda \u00bfestoy bien? La literatura para ella era una fiesta y una sorpresa, y hoy la sorpresa ser\u00eda fenomenal, se quedar\u00eda con los ojos como platos\u00bb. Y a m\u00ed que aquello me parec\u00eda que no le estaba haciendo honor, que hab\u00eda poca prensa, que eran migajas de la atenci\u00f3n cultural; algunos se fueron incluso antes de acabar, mientras ella hablaba, y yo sent\u00eda que deb\u00eda pedir disculpas en nombre de mis compa\u00f1eros que se iban, y que no conozco. Siempre est\u00e1 feo irse ventilando la urgencia de volver a la redacci\u00f3n, o de marchar a otra presentaci\u00f3n. Y ah\u00ed est\u00e1n siempre esos desfiles.<\/p>\n<p>\u00abCuando \u00e9ramos peque\u00f1as y dorm\u00edamos en dos camas en la misma habitaci\u00f3n, ella me dec\u00eda de una cama a otra &#8216;\u00bfte cuento un cuento?&#8217; y me lo contaba y al acabar me dec\u00eda que ahora le contase yo un cuento a ella, pero yo no quer\u00eda, porque ten\u00eda sue\u00f1o y prefer\u00eda dormirme envuelta en el cuento que me acababa de contar\u00bb. Y tambi\u00e9n dice que siempre, desde ni\u00f1a, \u00abiba con un lapicero y un bloc en la mano. \u00a1Y la gorra! El sombrerito desde ni\u00f1a. Ella siempre con el gorrito, le hac\u00edan unos gorritos de punto y se los pon\u00eda siempre, en Salamanca hac\u00eda mucho fr\u00edo. Naci\u00f3 con ella puesta\u00bb.<\/p>\n<p>A Jos\u00e9 Teruel le molesta que se hable tanto de Mart\u00edn Gaite como un personaje y menos de su obra. Pero Ana insiste: \u00abRafael S\u00e1nchez Ferlosio y Carmen Mart\u00edn Gaite nacieron as\u00ed. Nacieron personajes. Y Rafael S\u00e1nchez Ferlosio morir\u00e1 siendo personaje\u00bb.<\/p>\n<p>Tambi\u00e9n dijo que se habla poco de su talante universitario. \u00abEra una estudiante nata. Una universitaria nata. La universidad era para ella muy importante. Antes de morir ella estaba preparando un curso de verano para dar en Santander. El mismo d\u00eda de su muerte habl\u00f3 por tel\u00e9fono, desde le hospital, con la Universidad Men\u00e9ndez Pelayo y les dijo &#8216;si me mand\u00e1is un taxi voy&#8217;. Por eso me doli\u00f3 cuando la Universidad de Salamanca no quiso su legado [no ten\u00edan espacio, le dijeron] y ahora est\u00e1 en el Archivo de Valladolid y ah\u00ed est\u00e1 bien, porque est\u00e1 con sus amigos\u00bb. Al hilo de los lugares de estudio, fue divertido cuando cont\u00f3 que su hermana \u00abescrib\u00eda m\u00e1s en las bibliotecas, en casa poco. En la Biblioteca Nacional, en el Ateneo o en el Archivo Hist\u00f3rico. Ten\u00edas que hacer la ronda de esos tres sitios para encontrarla, hasta que aparec\u00eda la gorra. Mira, ah\u00ed est\u00e1\u00bb.<\/p>\n<p><em>Los entrecomillados est\u00e1n sacados de las notas que tom\u00e9 durante la presentaci\u00f3n.<\/em><\/p>\n","protected":false},"excerpt":{"rendered":"<p>Ayer tuve la suerte de escuchar a Ana Mart\u00edn Gaite hablar sobre su hermana. Qu\u00e9 sonrisa y qu\u00e9 mirada contagiosa tiene. Cu\u00e1nta generosidad y amabilidad. \u00c9ramos unos pocos periodistas alrededor de una mesa de banquete pero nos hizo sentir que nos hab\u00edan sentado en la intimidad de una mesa camilla. Lo primero que nos dijo [&hellip;]<\/p>\n","protected":false},"author":1,"featured_media":0,"comment_status":"open","ping_status":"open","sticky":false,"template":"","format":"standard","meta":{"footnotes":""},"categories":[],"tags":[],"class_list":["post-200940","post","type-post","status-publish","format-standard","hentry"],"_links":{"self":[{"href":"https:\/\/www.elenacabrera.com\/weblog3\/wp-json\/wp\/v2\/posts\/200940","targetHints":{"allow":["GET"]}}],"collection":[{"href":"https:\/\/www.elenacabrera.com\/weblog3\/wp-json\/wp\/v2\/posts"}],"about":[{"href":"https:\/\/www.elenacabrera.com\/weblog3\/wp-json\/wp\/v2\/types\/post"}],"author":[{"embeddable":true,"href":"https:\/\/www.elenacabrera.com\/weblog3\/wp-json\/wp\/v2\/users\/1"}],"replies":[{"embeddable":true,"href":"https:\/\/www.elenacabrera.com\/weblog3\/wp-json\/wp\/v2\/comments?post=200940"}],"version-history":[{"count":0,"href":"https:\/\/www.elenacabrera.com\/weblog3\/wp-json\/wp\/v2\/posts\/200940\/revisions"}],"wp:attachment":[{"href":"https:\/\/www.elenacabrera.com\/weblog3\/wp-json\/wp\/v2\/media?parent=200940"}],"wp:term":[{"taxonomy":"category","embeddable":true,"href":"https:\/\/www.elenacabrera.com\/weblog3\/wp-json\/wp\/v2\/categories?post=200940"},{"taxonomy":"post_tag","embeddable":true,"href":"https:\/\/www.elenacabrera.com\/weblog3\/wp-json\/wp\/v2\/tags?post=200940"}],"curies":[{"name":"wp","href":"https:\/\/api.w.org\/{rel}","templated":true}]}}