{"id":200955,"date":"2009-07-12T20:51:00","date_gmt":"2009-07-12T19:51:00","guid":{"rendered":""},"modified":"2009-07-12T20:51:00","modified_gmt":"2009-07-12T19:51:00","slug":"soy-vuestra-crisis","status":"publish","type":"post","link":"https:\/\/www.elenacabrera.com\/weblog3\/2009\/07\/12\/soy-vuestra-crisis\/","title":{"rendered":"Soy vuestra crisis"},"content":{"rendered":"<p>No lo cont\u00e9. Porque con tanto ir y venir y el trabajo que estoy haciendo en MTV, que no se acaba nunca, no tuve tiempo. Pero quer\u00eda comentar algo sobre los cines Luna y su flamante ocupaci\u00f3n por el colectivo <a href=\"http:\/\/www.rompamoselsilencio.net\/2009\/\">Rompamos el Silencio<\/a> durante la Semana de la Lucha Social, del que algo <a href=\"http:\/\/www.elenacabrera.com\/weblog\/sublime-con-interrupcion\/\">coment\u00e9 en un post anterior<\/a>.<\/p>\n<p>Gracias a uno de sus miembros pude realizar, como \u00e9l la llam\u00f3, una visita guiada por las entra\u00f1as de este edificio abandonado que, por una semana, fue un lugar social, colectivo y com\u00fan. Me sent\u00eda orgullosa de que algo as\u00ed sucediera, precisamente ahora, cuando es m\u00e1s evidente mi desenga\u00f1o con Madrid y los madrile\u00f1os.<\/p>\n<p>Gracias al <a href=\"http:\/\/www.centrodemedios.org\/\">Centro de Medios<\/a> tanto la okupaci\u00f3n como las acciones de los diferentes ejes sobre los que se constru\u00eda la Semana est\u00e1n <a href=\"http:\/\/www.centrodemedios.org\/+-Rompamos-el-Silencio-09-Somos-+.html\">bien documentados<\/a>.<\/p>\n<p>Que el lugar elegido como centro de operaciones de la Semana fueran los Luna me pareci\u00f3 un acierto, tan simb\u00f3lico y preciso, que calaba en ese saco de nuestro inconsciente donde los madrile\u00f1os guardamos los fracasos, las ilusiones imperfectas, los sue\u00f1os ef\u00edmeros. Por eso escrib\u00ed <a href=\"http:\/\/www.centrodemedios.org\/Adios-a-los-Cines-Luna.html\">este texto<\/a> (lo ten\u00e9is <a href=\"http:\/\/www.nodo50.org\/Adios-a-los-Cines-Luna.html\">tambi\u00e9n en Nodo50 \ud83d\ude42<\/a> ) sobre los cines Luna, conmovida tras la visita y deseosa de contar la parte de la historia que me sab\u00eda. Y me s\u00e9 m\u00e1s, pero no la he podido contrastar. El lenguaje es contenido, que no es de blog sino de teletipo, pero de teletipo a m\u00ed manera&#8230;<\/p>\n<blockquote><p><img loading=\"lazy\" decoding=\"async\" class=\"alignleft\" title=\"Cines Luna\" src=\"http:\/\/www.centrodemedios.org\/IMG\/jpg\/IMG_0908-redimensionado-r270.jpg\" alt=\"\" width=\"269\" height=\"403\" \/>La chapa de los cines Luna baj\u00f3, precisamente, en el mes de julio de hace cuatro a\u00f1os. Ocurri\u00f3 ante la perplejidad de los clientes y vecinos, as\u00ed como del silencio de los propietarios que rehusaron hacer declaraciones a los medios de comunicaci\u00f3n que quisieron conocer los motivos.<\/p>\n<p>Los Luna se convert\u00edan en el und\u00e9cimo cine en cerrar en la ciudad de Madrid en el a\u00f1o 2005. Agravaba la situaci\u00f3n el tratarse de unos cines en versi\u00f3n original de car\u00e1cter independiente, no pertenecientes a ninguna cadena. Situados al pie de Malasa\u00f1a, en una zona conflictiva, dif\u00edcil y reivindicada incansablemente por los vecinos como es la plaza de Sta. Mar\u00eda Soledad Torres-Acosta.<\/p>\n<p>La modificaci\u00f3n del Plan General Urbano del Ayuntamiento de Madrid permiti\u00f3 que las salas se conviertan en viviendas o locales comerciales, como est\u00e1 sucediendo en la Gran V\u00eda. Pero para eso hab\u00eda que echar el cierre r\u00e1pidamente y colgar el cartel de se vende o se alquila, algo que no iba a resultar tan sencillo, como han demostrado los cuatro a\u00f1os de abandono del inmueble.<\/p>\n<p>El negocio de los cines Luna nunca fue bien a pesar de tratarse del \u00faltimo gran sue\u00f1o de <strong>Emiliano Piedra<\/strong>, quien los construy\u00f3 a mediados de los 80 despu\u00e9s de haber estado a punto de arruinarse en otras ocasiones.<\/p>\n<p>Emiliano Piedra comenz\u00f3 a trabajar a los 17 a\u00f1os en el negocio de la distribuci\u00f3n de pel\u00edculas y se dec\u00eda de \u00e9l que amaba el cine hasta los tu\u00e9tanos. Fue proyeccionista ambulante durante la posguerra, por los pueblos y en coche de l\u00ednea. Despu\u00e9s fabric\u00f3 y vendi\u00f3 proyectores. Despu\u00e9s, fund\u00f3 una distribuidora (Brepi Films) y m\u00e1s tarde cre\u00f3 su propia productora (Internacional Films Espa\u00f1ola). Se hizo amigo de <strong>Orson Welles<\/strong>, a quien produjo en 1965 la pel\u00edcula Campanadas a medianoche pero, acabado el presupuesto y el plan de rodaje, el director no hab\u00eda terminado la obra. Piedra se endeud\u00f3 para conseguir una financiaci\u00f3n extra donde no la hab\u00eda, para que Welles terminara su pel\u00edcula tal y como la deseaba.<\/p>\n<p>El productor, fallecido en 1991, se hab\u00eda casado con la actriz <strong>Emma Penella<\/strong>. Ella fue la due\u00f1a de la parte superior del edificio, destinado a las oficinas de Internacional Films Espa\u00f1ola. Y all\u00ed quedaron, abandonados al polvo y al tiempo, al desorden y al olvido, documentos como el que conced\u00eda la Espiga de Oro del Festival de Cine de Valladolid, fotograf\u00edas de rodaje, p\u00f3sters y kil\u00f3metros de metraje, como pudieron comprobar los miembros de Rompamos el Silencio que okuparon el edificio durante la Semana de la Lucha Social.<\/p>\n<p>La parte baja y el s\u00f3tano eran propiedad de la <strong>familia Soler<\/strong>, inversores valencianos que tambi\u00e9n pose\u00edan los cines Palacio de la M\u00fasica y Avenida en la Gran V\u00eda y actualmente son propietarios del Valencia CF. Esta parte del edificio fue vendida en septiembre de 2007.<\/p>\n<p><strong>Eduardo Moreno<\/strong>, presidente de la Asociaci\u00f3n de Comerciantes Triball, declar\u00f3 al diario El Mundo en enero de 2008 que la inmobiliaria Triball, responsable del proceso de gentrificaci\u00f3n de la zona, consideraba la transformaci\u00f3n de los cines Luna como \u00aborigen del proyecto y la base del cambio\u00bb aunque hab\u00edan tenido que abandonar esta idea en espera de que \u00absus propietarios se unan a la propuesta\u00bb.<\/p>\n<p>Pero el barrio quiere un cine donde hab\u00eda un cine, no una discoteca -como estuvo a punto de ocurrir tras el intento de compra del bajo por Smgroup- ni una tienda de ropa. El colectivo <strong>Left Hand Rotation<\/strong> ha venido haciendo intervenciones en las carteleras. Para denunciar la instalaci\u00f3n de c\u00e1maras de vigilancia en la plaza, seleccionaron una serie de pel\u00edculas sobre control social, drogas y prostituci\u00f3n, imprimieron sus carteles y los pegaron en los huecos que antes ocupaban los carteles de las pel\u00edculas que se exhib\u00edan. As\u00ed, afirmaron que \u00abLef Hand Rotation reabre los Cines Luna\u00bb.<\/p>\n<p>Un aficionado al cine, <strong>\u00c1lex<\/strong>, recuerda como \u00abemblem\u00e1tico\u00bb este cine y no se olvida del ciclo de Monty Phyton que pudo ver all\u00ed. <strong>Vicente Molina Foix<\/strong>, lloraba a los cines en un art\u00edculo de despedida en el diario El Pa\u00eds, recordando que all\u00ed fue, una tarde, a ver El int\u00e9prete, de <strong>Sydney Pollack<\/strong>, con la viuda y el cu\u00f1ado de Kubrick.<\/p>\n<p>Los cines Luna fueron los elegidos por Rompamos el Silencio para su campa\u00f1a de visibilizaci\u00f3n y no podr\u00eda haber estado m\u00e1s inspirada la elecci\u00f3n, ya que permanece en el inconsciente de los que patean la ciudad de Madrid como un abandono injusto, un arrebato en mala hora. A pesar de su mala suerte hay un legado que ese edificio deja, m\u00e1s all\u00e1 del cine, pero igualmente ligado a la cultura popular: \u00bfqui\u00e9n recuerda el nombre real de la plaza? Muy poca gente, para los madrile\u00f1os, haya o no cine, esa plaza se llama la de los cines Luna.<\/p>\n<p>Centro de Medios.<\/p><\/blockquote>\n","protected":false},"excerpt":{"rendered":"<p>No lo cont\u00e9. Porque con tanto ir y venir y el trabajo que estoy haciendo en MTV, que no se acaba nunca, no tuve tiempo. Pero quer\u00eda comentar algo sobre los cines Luna y su flamante ocupaci\u00f3n por el colectivo Rompamos el Silencio durante la Semana de la Lucha Social, del que algo coment\u00e9 en [&hellip;]<\/p>\n","protected":false},"author":1,"featured_media":0,"comment_status":"open","ping_status":"open","sticky":false,"template":"","format":"standard","meta":{"footnotes":""},"categories":[],"tags":[],"class_list":["post-200955","post","type-post","status-publish","format-standard","hentry"],"_links":{"self":[{"href":"https:\/\/www.elenacabrera.com\/weblog3\/wp-json\/wp\/v2\/posts\/200955","targetHints":{"allow":["GET"]}}],"collection":[{"href":"https:\/\/www.elenacabrera.com\/weblog3\/wp-json\/wp\/v2\/posts"}],"about":[{"href":"https:\/\/www.elenacabrera.com\/weblog3\/wp-json\/wp\/v2\/types\/post"}],"author":[{"embeddable":true,"href":"https:\/\/www.elenacabrera.com\/weblog3\/wp-json\/wp\/v2\/users\/1"}],"replies":[{"embeddable":true,"href":"https:\/\/www.elenacabrera.com\/weblog3\/wp-json\/wp\/v2\/comments?post=200955"}],"version-history":[{"count":0,"href":"https:\/\/www.elenacabrera.com\/weblog3\/wp-json\/wp\/v2\/posts\/200955\/revisions"}],"wp:attachment":[{"href":"https:\/\/www.elenacabrera.com\/weblog3\/wp-json\/wp\/v2\/media?parent=200955"}],"wp:term":[{"taxonomy":"category","embeddable":true,"href":"https:\/\/www.elenacabrera.com\/weblog3\/wp-json\/wp\/v2\/categories?post=200955"},{"taxonomy":"post_tag","embeddable":true,"href":"https:\/\/www.elenacabrera.com\/weblog3\/wp-json\/wp\/v2\/tags?post=200955"}],"curies":[{"name":"wp","href":"https:\/\/api.w.org\/{rel}","templated":true}]}}