{"id":200968,"date":"2009-07-14T17:47:30","date_gmt":"2009-07-14T15:47:30","guid":{"rendered":""},"modified":"2019-05-25T19:47:05","modified_gmt":"2019-05-25T17:47:05","slug":"la-fiebre-que-tuvimos-sobre-la-cancelacion-del-periodico-fiber","status":"publish","type":"post","link":"https:\/\/www.elenacabrera.com\/weblog3\/2009\/07\/14\/la-fiebre-que-tuvimos-sobre-la-cancelacion-del-periodico-fiber\/","title":{"rendered":"La fiebre que tuvimos (sobre la cancelaci\u00f3n del peri\u00f3dico Fiber)"},"content":{"rendered":"<p>En el a\u00f1o 1999 Miguel Mor\u00e1n nos reuni\u00f3 en una sala privada de un restaurante vegetariano de Madrid. Ya no recuerdo qui\u00e9n hab\u00eda all\u00ed adem\u00e1s de \u00e9l, Cristina Garc\u00eda, Jes\u00fas Llorente, V\u00edctor Lenore y Aldo Linares. \u00c9ramos gente que rond\u00e1bamos la revista Spiral y otras prensas musicales del momento. Spiral hab\u00eda participado de la fundaci\u00f3n del Festival, por eso ten\u00eda l\u00f3gica que acudiera a nosotros tras el fracaso de la negociaci\u00f3n con El Pa\u00eds y en concreto El Pa\u00eds de las Tentaciones para que fueran ellos los encargados de seguir realizando el peri\u00f3dico que el a\u00f1o pasado -un a\u00f1o de gloria el de 1998 para la historia del Festival de Benic\u00e0ssim- hab\u00eda realizado Cristina Garc\u00eda, redactora del peri\u00f3dico castellonense Mediterr\u00e1neo, con pocos medios y pocas manos.<\/p>\n<p><img loading=\"lazy\" decoding=\"async\" class=\"alignleft\" src=\"http:\/\/www.elenacabrera.com\/weblog\/wp-content\/uploads\/2009\/07\/Fiber1999_300.jpg\" alt=\"\" width=\"300\" height=\"400\" \/>Fue durante esa misma comida que sacamos el nombre Fiber como cabecera. Aldo dice que fue idea suya. Yo creo que fue m\u00eda. Apuesto a que todos los comensales la recuerdan como suya. Supongo que eso es as\u00ed porque debi\u00f3 de ser una idea colectiva que flotaba en el ambiente. Pronto nos pusimos a trabajar porque quedaba muy poco tiempo, el Festival se celebraba aquel a\u00f1o el 6, 7 y 8 de agosto. Tori Alimbau fue el primer dise\u00f1ador. Cre\u00f3 una maqueta llena de cuadraditos y pastillas que costaba mucho llenar de contenido pero nos encantaba. Siempre pensamos que nos la copi\u00f3, un tiempo despu\u00e9s, un suplemento de La Voz de Galicia. El dise\u00f1o de la cabecera refer\u00eda a los suelos de las discotecas setenteras y de esa manera apel\u00e1bamos a la semejanza de Fiber y Fever, que era algo que nos gustaba. Una de las consecuencias de llamar al peri\u00f3dico Fiber es que, cuando se hizo necesario encontrar un nombre para el p\u00fablico del Festival, tuvimos que ponerle una doble b, fibber, que era m\u00e1s correcto con el ingl\u00e9s y as\u00ed nos permit\u00eda diferenciarlo. Durante un tiempo funcion\u00f3 e inclus\u00f3 cal\u00f3 en la prensa, pero como era m\u00e1s conocido un fibber que un Fiber, al final se populariz\u00f3 llamar fiber al visitante y de esa manera perdi\u00f3 la b y se diluy\u00f3 la identificaci\u00f3n. Lo cual estuvo bien porque as\u00ed el peri\u00f3dico, Fiber, ya no significaba \u00abhacer el FIB\u00bb sino \u00abser parte del FIB\u00bb.<\/p>\n<p>Realic\u00e9 el Fiber diariamente en todos los FIBs de 1999 a 2005 junto a Cristina Garc\u00eda. Y, adem\u00e1s, pude hacer unos cuantos n\u00fameros previos, m\u00e1s arrevistados, antes del Festival, siendo el mejor, el m\u00e1s especial, el de junio de 2004. Por motivos de trabajo tuve que abandonarlo y Maraworld se lo encarg\u00f3 a Joako Ezpeleta, quien lo dirigi\u00f3 entre 2006 y 2008. Este a\u00f1o no. Este a\u00f1o 2009 no lo har\u00e1 ni \u00e9l ni nadie, ya que ha sido cancelado por razones presupuestarias. Podr\u00eda haberse repensado, podr\u00eda haber mutado, yo hubiera estado feliz de hacerlo. No creo que esta decisi\u00f3n la haya tomado Jos\u00e9 o Miguel Mor\u00e1n, ya que ellos apreciaban este peri\u00f3dico tanto o m\u00e1s que las decenas de personas que pasamos por \u00e9l. Como sab\u00e9is, Maraworld vendi\u00f3 al empresario brit\u00e1nico Vince Power el Festival de Benic\u00e0ssim. Y el Fiber, econ\u00f3micamente, siempre fue deficitario. Pero si los factores econ\u00f3micos hubiesen pesado tanto como lo hacen en 2009, no se habr\u00eda hecho ninguno de los nueve a\u00f1os anteriores.<\/p>\n<p>A pesar de que los ajustes presupuestarios han barrido con el peri\u00f3dico sobre el que vamos a hablar, el 27 de mayo la organizaci\u00f3n del festival comunic\u00f3 que \u00abFIB Heineken ha vendido todos los\u00a0<span class=\"il\">abonos<\/span> de 4, 3 y 2 d\u00edas; las entradas VIP y las entradas para d\u00edas sueltos\u00a0para su decimoquinta edici\u00f3n. Un ritmo de venta sin precedentes en nuestros quince a\u00f1os de historia ha concluido con todas las entradas vendidas a m\u00e1s de dos meses para que el Festival abra sus puertas, superando as\u00ed los hitos de \u2018Sold Out\u2019 anteriores como los de las ediciones de 2002 y 2006&#8243;.<\/p>\n<p>\u00abSer\u00e1 la edici\u00f3n m\u00e1s exitosa de nuestra historia y m\u00e1s de 45.000 personas llenaremos el recinto de conciertos de Benic\u00e0ssim\u00bb, a\u00f1ad\u00edan. 45.000 personas que no leer\u00e1n el Fiber cada ma\u00f1ana. Eso me hace pensar si no es un error medir el \u00e9xito cuantitativamente.<\/p>\n<p>\u00abEn las primeras ediciones, todo era muy primitivo y bastante bizarro. Especialmente recuerdo como se mont\u00f3 un laboratorio fotogr\u00e1fico de blanco y negro en la primera edici\u00f3n del Fiber, aun no usabamos digital!! muy fuerte&#8230;\u00bb recuerda el fot\u00f3grafo <strong><a href=\"http:\/\/www.ramiroe.com\/\"><span style=\"color: #800000;\">Ramiro e<\/span><\/a><\/strong> quien en 1999 hac\u00eda fotos a la gente para la pen\u00faltima par. Lo hizo hasta el a\u00f1o 2003, \u00abretrataba a mi antojo al p\u00fablico del festival. Era una tarea muy grata y muy divertida\u00bb. A Ramiro, como a muchos otros colaboradores, les he preguntado qu\u00e9 les parec\u00eda lo mejor y lo peor del Fiber: \u00abLo mejor era la energ\u00eda de hacer algo tan inmediato, ver por las ma\u00f1anas tu trabajo del d\u00eda anterior en manos de todos los fibers. En mi caso pod\u00eda constatar las reacciones de la gente que yo hab\u00eda retratado. A d\u00eda de hoy aun me sigo encontrando con gente que me recuerda como aquel fot\u00f3grafo-cazadador del FIB. Yo he conocido y he descubierto a mucha gente a partir de aquella experiencia.\u00a0Lo peor era la poca cabida a comentarios cr\u00edticos, sobre todo en las cr\u00f3nicas de conciertos\u00bb.<\/p>\n<p><img loading=\"lazy\" decoding=\"async\" class=\"alignleft\" src=\"http:\/\/www.elenacabrera.com\/weblog\/wp-content\/uploads\/2009\/07\/Fiberprevio_300.jpg\" alt=\"\" width=\"300\" height=\"400\" \/>El rasgo negativo m\u00e1s frecuente que ha quedado en la memoria de todos estos amigos es el de la autocensura. A muchos de ellos les ped\u00ed que se sumaran al equipo llegando de los fanzines o la prensa musical y todos ven\u00edan con la misma pregunta: \u00bfpodr\u00e9 decir lo que quiera? La respuesta era invariable: \u00abes el peri\u00f3dico del festival\u00bb. Jos\u00e9 Mor\u00e1n siempre me dec\u00eda \u00abno nos tiremos piedras contra nuestro propio tejado\u00bb. Y a veces me lo dec\u00eda muy enfadado ya que en alguna ocasi\u00f3n relaj\u00e1bamos la escritura y carg\u00e1bamos las tintas. Era inevitable, en la redacci\u00f3n pens\u00e1bamos que no pod\u00edamos tratar a la gente como tonta, que ser\u00edamos m\u00e1s apreciados si cont\u00e1bamos lo que era evidente y que, sobre todo, un mal concierto de un grupo es culpa del grupo, no del Festival. Nos alejamos de la loa siempre e intentamos ser m\u00e1s cronistas que cr\u00edticos. <strong><span style=\"color: #800000;\">Job Ledesma<\/span><\/strong>, a quien invit\u00e9 a trabajar en el Fiber tras conocerle en Tenerife, no va a olvidar nunca \u00abcuando los Mor\u00e1n me quisieron asesinar por la cr\u00f3nica de Keane, que insisto en que es un grupo que encima me gusta\u00bb.\u00a0Aquella rese\u00f1a negativa de un cabeza de cartel me cost\u00f3 una buena bronca. Pero, sinceramente, esta es la \u00fanica que recuerdo, en relaci\u00f3n a la l\u00ednea editorial, durante seis a\u00f1os.<\/p>\n<p>\u00abAunque el Fiber era el medio oficial del festival, algo m\u00e1s de\u00a0libertad cr\u00edtica hubiera sido deseable. No pasa nada porque una banda de un\u00a0mal concierto y se reconozca: despu\u00e9s de todo, eso es algo que el festival\u00a0no puede llegar a controlar, y la capacidad de autocr\u00edtica es una virtud,\u00a0no un defecto\u00bb, escribe en su respuesta <strong><span style=\"color: #800000;\">Vidal Romero<\/span><\/strong>, una pieza clave en el Fiber para poder contar bien contada la letra peque\u00f1a del cartel del Festival, cuando \u00e9ste acog\u00eda propuestas arriesgadas, directos y showcases de sellos electr\u00f3nicos en el Chill Out, una programaci\u00f3n que debemos en gran medida al empe\u00f1o de <strong><a href=\"http:\/\/www.elenacabrera.com\/weblog\/muere-coco-cielo-la-estrella-mas-provocadora-del-underground\/\"><span style=\"color: #800000;\">Coc\u00f3 Ci\u00eblo<\/span><\/a><\/strong>:\u00a0\u00abel hecho de escribir\u00a0sobre artistas de segunda fila dentro de la programaci\u00f3n del festival, me\u00a0permit\u00eda establecer una cierta distancia cr\u00edtica. Todos los d\u00edas, cuando me\u00a0cruzaba con Joan Vich, me recordaba que \u00e9l S\u00cd le\u00eda todas las cr\u00f3nicas de\u00a0los conciertos, y que el d\u00eda que los Mor\u00e1n se decidieran a leer algo m\u00e1s\u00a0que las cr\u00f3nicas de los cabezas de cartel, me pondr\u00edan de patitas en la\u00a0calle. Yo prefiero pensar que s\u00ed se las le\u00edan y se echaban unas risas,\u00a0aunque esto no me lo ha confirmado ni desmentido nadie nunca&#8230; \u00bfElena?\u00bb. <strong><span style=\"color: #800000;\">Carlos Revillo<\/span><\/strong> tambi\u00e9n recuerda como negativo \u00abel no poder haberme quedado realmente agusto con mi opini\u00f3n sobre alg\u00fan concierto, los malabares que ten\u00edamos que hacer algunos para darle palos a los grupos sin que se nos notase\u00bb y para <strong><span style=\"color: #800000;\">V\u00edctor Lenore<\/span><\/strong> \u00ablo peor eran las cr\u00f3nicas de conciertos. Al ser el Fiber un medio corporativo los redactores no pod\u00edan ser honestos en sus valoraciones, algo que notaban todos los lectores\u00bb. Pero <strong><span style=\"font-family: mceinline;\">Octavi Botana<\/span><\/strong>, que pas\u00f3 tres a\u00f1os, los tres \u00faltimos, como coordinador de redacci\u00f3n, recuerda como lo mejor \u00abla libre opini\u00f3n de sus redactores. Durante los a\u00f1os que he estado no ha habido ning\u00fan tipo de sugerencia de cambio de rese\u00f1a, ni por supuesto censura ni nada parecido\u00bb.\u00a0<strong><a href=\"http:\/\/www.nomepierdoniuna.net\"><span style=\"color: #800000;\">David Hern\u00e1ndez<\/span><\/a><\/strong>, periodista de Castell\u00f3n que gracias a su extrema profesionalidad y responsabilidad consegu\u00eda sacar, durante bastantes a\u00f1os, todos los contenidos extramusicales \u00e9l solito, tambi\u00e9n apunta como malo \u00abencontrar alguna cr\u00edtica favorable o as\u00e9ptica de un concierto que a todas luces hab\u00eda sido malo de narices\u00bb, pero no s\u00f3lo eso, sino tambi\u00e9n \u00abel &#8216;\u00bfya lo tienes, verdad?&#8217; de Elena o Cristina cuando todav\u00eda iba por mitad de art\u00edculo. Los cuelgues con 35 grados a la sombra de algunos actores del Festival de Cortos. La poca comunicaci\u00f3n entre nosotros que permit\u00eda el ritmo desenfrenado de la redacci\u00f3n. Ver al d\u00eda siguiente que un art\u00edculo de extramusicales hab\u00eda ca\u00eddo a \u00faltima hora.\u00a0Ver el Fiber de d\u00edas atrasados en fardos amontonados por la zona de prensa, en campings y accesos al recinto. El aire acondicionado a todo trapo en la redacci\u00f3n a partir de ciertas horas\u00bb.<\/p>\n<p>Era complicad\u00edsimo atinar con la distribuci\u00f3n. A veces sobraban y otras faltaban. A m\u00ed me faltan ejemplares, aunque fuera uno, de alguno de los a\u00f1os. Recuerdo una ma\u00f1ana, no s\u00e9 de qu\u00e9 a\u00f1o, que al cierre me fui a la rotativa de Mediterr\u00e1neo, donde se tiraba el peri\u00f3dico, esperar a que cargara la furgoneta y hacerme el reparto con \u00e9l para saber d\u00f3nde est\u00e1bamos fallando. Cuando acab\u00f3 el reparto en el recinto me baj\u00e9, entre en la redacci\u00f3n y comenc\u00e9 a preparar el Fiber del d\u00eda siguiente. No hubo descanso entre esos dos d\u00edas.<\/p>\n<p><img loading=\"lazy\" decoding=\"async\" class=\"alignleft\" src=\"http:\/\/www.elenacabrera.com\/weblog\/wp-content\/uploads\/2009\/07\/FiberUltima_300.jpg\" alt=\"\" width=\"300\" height=\"400\" \/>Uno de mis fichajes estrella fue el resistente y siempre optimista <strong><a href=\"http:\/\/amescua.wordpress.com\/\"><span style=\"font-family: mceinline;\"><span style=\"font-family: mceinline;\">\u00cd\u00f1igo de Amescua<\/span><\/span><\/a><\/strong>: \u00abLo mejor fue el punto de locura y la libertad casi total de la que disfrut\u00e9, el rollo que hab\u00eda entre todos los que trabaj\u00e1bamos y el producto en si, tan divertido.\u00a0Lo peor los nervios, las prisas y el poco dormir\u00bb. Lo peor era el estr\u00e9s y el cansancio acumulado. Recuerdo a<span style=\"color: #800000;\"> <\/span><strong><span style=\"color: #800000;\">Araceli Segura<\/span><\/strong>, que form\u00f3 parte de la primera redacci\u00f3n del Fiber maquetando junto a Tori, dejando caer su cabeza sobre el teclado, dejando escapar un \u00abno puedo m\u00e1s\u00bb: \u00abLo peor -dice Araceli- fue que dos a\u00f1os no puede ver ni un grupo de los que tocaron. Tambi\u00e9n me salieron canas del estr\u00e9s (realmente era MUY estresante, flipo que el primer a\u00f1o saliera cada ejemplar a su hora&#8230; llevando los zips en taxi a Castell\u00f3n y esas cosas&#8230;)\u00bb. <strong><span style=\"color: #800000;\">Diego R\u00edos<\/span><\/strong>, quien tambi\u00e9n trajo simpat\u00eda, f\u00fatbol y buen hacer fanzinero recuerda \u00abLas prisas, los nervios, las risas, las entrevistas de \u00faltima hora, Elena, Cristina, el concierto de Low, el &#8216;hoy no entregamos, no nos da tiempo'\u00bb. Con la hora del cierre lami\u00e9ndonos las chancletas comenz\u00e1bamos a hacer bromas delirantes en plan \u00abbueno, pues para entregar tarde mejor pasamos, v\u00e1monos a dormir\u00bb y era una tonter\u00eda pero nos part\u00edamos de risa, con el sol pegando ya sobre la carpa de prensa en la que trabaj\u00e1bamos. <strong><a href=\"http:\/\/www.myspace.com\/linaresaldo\"><span style=\"color: #800000;\">Aldo Linares<\/span><\/a><\/strong>, que se quedaba siempre hasta el \u00faltimo misnuto, ayudando en lo que fuera aunque \u00e9l hubiese cumplido con sus cr\u00edticas tambi\u00e9n recuerda como lo peor\u00a0\u00abver salir el sol faltando bastante para acabar el n\u00famero correspondiente a esa fecha\u00bb. Y Cristina tambi\u00e9n se acuerda de eso: \u00ablo peor, los horarios febriles, el &#8216;no salimos&#8217;, la autocr\u00edtica frenada cada dia, y no poder ver conciertos enteros\u00bb.<\/p>\n<p><img loading=\"lazy\" decoding=\"async\" class=\"alignleft\" src=\"http:\/\/www.elenacabrera.com\/weblog\/wp-content\/uploads\/2009\/07\/Fiber2004_300.jpg\" alt=\"\" width=\"300\" height=\"400\" \/>Hab\u00eda que ir r\u00e1pido, muy r\u00e1pido. Y cuando un redactor escrib\u00eda tan lentamente con <strong><span style=\"color: #800000;\">Ferran Llaurad\u00f3<\/span><\/strong> me desesperaba, pero luego lo hac\u00eda tan bonito y siempre hac\u00eda algo que lo compensaba: \u00abLo peor: y lo digo en serio, que siempre te desmayabas el domingo, se sufr\u00eda mucho\u00bb, me dice. Ferran y Aldo escribieron varios textos mano a mano que a m\u00ed me despertaba el peor de os temores, cuando les ve\u00eda ri\u00e9ndose delante del mismo monitor y el mismo teclado. \u00abArt\u00edculos bizarros con Aldo\u00bb, los llama Ferran, quien tambi\u00e9n recuerda como cosas bizarras \u00abcuando nos pon\u00edamos las s\u00e1banas, jugar a f\u00fatbol con Stuart Murdoch, verte leer las cr\u00edticas de Toni con cara de susto, conocer a Sonali\u00bb. <a href=\"http:\/\/www.flickr.com\/photos\/elenac\/31060018\/in\/set-72157621447861472\/\">Las s\u00e1banas nos las pon\u00edamos<\/a> porque nos mor\u00edamos de fr\u00edo cuando el <a href=\"http:\/\/www.flickr.com\/photos\/elenac\/30868113\/in\/set-72157621447861472\/\">aire acondicionado<\/a> segu\u00eda funcionando a las cinco de la ma\u00f1ana y nadie sab\u00eda apagarlo. Sobre el f\u00fatbol, <strong><a href=\"http:\/\/joanvich.blogspot.com\/\"><span style=\"color: #800000;\">Joan Vich<\/span><\/a><\/strong> recuerda como su aportaci\u00f3n \u00abel soplo del partido informal que deriv\u00f3 en el partido oficial que desde entonces se celebra cada a\u00f1o\u00bb.<\/p>\n<p>\u00bfQuer\u00e9is momentos de bizarros? De esos s\u00ed que ten\u00edamos muchos. La mayor\u00eda se habr\u00e1n perdido en el olvido pero la memoria del Fiber recuerda algunos. Para el ilustrador y dise\u00f1ador <strong><span style=\"color: #800000;\">\u00c1lvaro Vali\u00f1o<\/span><\/strong>, que realiz\u00f3 las mejores portadas ilustradas del peri\u00f3dico,\u00a0escribe: \u00abel a\u00f1o que toc\u00f3 Pulp hice una ilustraci\u00f3n para la portada del Fiber de ese d\u00eda. Por la noche, tras la actuaci\u00f3n, andaba nervioso por el backstage con un par de Fibers en la mano buscando con la mirada a Jarvis Cocker. Cuando lo vi salt\u00e9 a su encuentro y le ped\u00ed que me autografiase la portada. Torpe de mi no llevaba boli encima, Jarvis y sus acompa\u00f1antes tampoco. Me respondi\u00f3n: \u00abI&#8217;ll touch it\u00bb. Y la toc\u00f3 con una mano corva que parec\u00eda la garra de una rapaz\u00bb. A <strong><span style=\"color: #800000;\">\u00cd\u00f1igo<\/span><\/strong> lo m\u00e1s extra\u00f1o le parec\u00edan los \u00abperiodistas desaparecidos en medio de la noche\u00bb y a su compa\u00f1ero <strong><span style=\"color: #800000;\">Job<\/span><\/strong> \u00abestar hasta las cejas e intentar hacer una cr\u00f3nica coherente del \u00faltimo concierto de la noche en el escenario verde, que siempre me tocaba a m\u00ed. Y cuando apareci\u00f3 Hedi Slimane por la Redacci\u00f3n que, poco cool de m\u00ed, no sab\u00eda qui\u00e9n era y me vacil\u00e9 de \u00e9l hasta que vi que \u00cd\u00f1igo de Amescua empezaba a bizquear. Bueno, y luego est\u00e1 el affaire Irene Tremblay, pero eso que lo cuenten Carmona y Caballero que tienen m\u00e1s gracia (qu\u00e9 a\u00f1o aquel, chicos)\u00bb. Breixo Harguindey, que estuvo s\u00f3lo un a\u00f1o, conserva como su momento bizarro\u00a0\u00abel recordar a Job tarareando a mi lado: &#8216;words, don&#8217;t come easy to me'\u00bb.\u00a0<strong><span style=\"color: #800000;\">Carmona y Caballero<\/span><\/strong> merecen un comentario. Estas dos locazas sevillanas tuvieron su momento de gloria en la escena y no me qued\u00f3 m\u00e1s remedio que invitarlas al Fiber, despu\u00e9s de mucha presi\u00f3n. Abandonaron su \u00e1tico en la calle Castilla y viajaron a Benic\u00e0ssim para hacer algo de cr\u00f3nica rosa con un estilo que desconcertaba a los que no les conoc\u00edan. Aparecen una y otra vez en los recuerdos del equipo.<\/p>\n<p>\u00abTengo demasiados recuerdos bizarros\u00bb, dice <strong><span style=\"color: #800000;\">Diego<\/span><\/strong>. \u00abLos fantasmas de la redacci\u00f3n que se nos aparec\u00edan con sus s\u00e1banas todas las noches sobre las 5, la llegada diaria de la cena, las cabezadas de todos, Carmona y Caballero bizarros ellos, la presentadora de MTV pregunt\u00e1ndome qui\u00e9nes eran Mercury Rev&#8230;\u00bb. <strong><span style=\"color: #800000;\">Aldo<\/span><\/strong> dice que para \u00e9l lo bizarro era \u00abcompartir sondeos sociol\u00f3gicos con Ferr\u00e1n Llaurad\u00f3 y Guillermo Z. Del \u00c1guila\u00bb. Para <strong><span style=\"color: #800000;\">Vidal<\/span><\/strong>, \u00abposiblemente aquella vez que Thomas Morr me persigui\u00f3 alrededor de la mesa\u00a0de la redacci\u00f3n con un Fiber enrrollado en la mano, tras haber escrito en\u00a0el n\u00famero anterior que sus pintas eran clavadas a las del abuelito de\u00a0Heidi. O cuando entrevist\u00e9 al due\u00f1o de Staubgold y a sus artistas, mientras\u00a0tomaban un ba\u00f1o en pelotas en la piscina del backstage. O aquella vez que,\u00a0a cuenta de una desbandada general en la redacci\u00f3n, me toc\u00f3 cubrir tres\u00a0escenarios a la vez. Menos mal que me tropec\u00e9 con Pepe Verde. Ejem.\u00a0Tambi\u00e9n todo lo relacionado con Carmona y Caballero, claro. Y mi charla\u00a0diaria con Joan Vich\u00bb.\u00a0\u00bfY para\u00a0<strong><span style=\"color: #800000;\">Tori Alimbau<\/span><\/strong>? Esta es buena y quiz\u00e1s clarifique alg\u00fan episodio oscuro: \u00abPoner laxante en la comida de ciertos periodistas\u00bb.<\/p>\n<p><img loading=\"lazy\" decoding=\"async\" class=\"alignright\" src=\"http:\/\/www.elenacabrera.com\/weblog\/wp-content\/uploads\/2009\/07\/FiberBeck_300.jpg\" alt=\"\" width=\"300\" height=\"400\" \/><strong><span style=\"color: #800000;\">\u00d3scar L. Tejeda<\/span><\/strong> firm\u00f3 muchas de las portadas fotogr\u00e1ficas del Fiber, ya que siempre fue \u00e9l encargado de cubrir el escenario m\u00e1s grande. Su momento raro tiene que ver con otra fot\u00f3grafa: \u00abCristina Garc\u00eda Rodero (a sus pies!!) preguntando c\u00f3mo se utilizaba el flash que llevaba&#8230; Anterior a esta \u00e9poca: el reparto de comida&#8230; y es que las necesidades b\u00e1sicas pueden con cualquiera\u00bb. De las cenas tambi\u00e9n se acuerdan todos. Las hac\u00edamos en el centro de la redacci\u00f3n, parando s\u00f3lo un ratito. La sol\u00edamos encargar a un restaurante navarro de Benic\u00e0ssim y nos la regaba siempre con un fresco vino rosado&#8230; Para <strong><span style=\"color: #800000;\">David<\/span><\/strong> las cosas extra\u00f1as suced\u00edan siempre a altas horas de la madrugada: \u00ablos momentos delirantes en la redacci\u00f3n a partir de las 4.00-5.00: Cristina colocando una especie de iconos puramente decorativos en la cabecera de las p\u00e1ginas cuando ya era de d\u00eda, llegar bolinga a la redacci\u00f3n para recoger mis cosas cuando el recinto estaba a punto de chapar y encontrarme a Cristina y Elena currando acurrucadas debajo de unas toallas, con su tez blanco nuclear y el pantallazo en toda la cara, personal pegando cabezadas sentado delante del ordenador, otros mirando hipnotizados la retransmisi\u00f3n de alg\u00fan concierto o comiendo a deshoras&#8230;\u00bb. Se ve que aquellas s\u00e1banas blancas se quedaron grabadas a fuego&#8230; <strong><span style=\"color: #800000;\">Cristina<\/span><\/strong> tambi\u00e9n las recuerda: \u00abLos fantasmas de las 5, las cenas, algunos grandes d\u00edas, personalizados pero que todos recordais &#8211;sobre todo t\u00fa, Elena&#8211; en los que hacer de poli malo o poli peor, y trabajar un a\u00f1o, el 2007, con &#8216;otro&#8217; equipo, que ni era equipo ni era nada\u00bb.<\/p>\n<p>Seguimos con el bizarrismo. A <strong><span style=\"color: #800000;\">Marcelo Panozzo<\/span><\/strong> -gran escritor, gran periodista, gran amigo- s\u00f3lo le pudimos tener un a\u00f1o pues vive en Buenos Aires. Hizo una columna diaria y&#8230; \u00abme dicen que en el momento en el que me encontraba en estado de alt\u00edsimo autismo, escribiendo sobre Pet Shop Boys, el se\u00f1or Neil Tennant espiaba la pantalla con el art\u00edculo por encima de mi hombro. No puedo decir que sea cierto; estaba de espaldas\u00bb. Yo tambi\u00e9n recuerdo como momentos especiales algunas visitas de artistas. Por ejemplo, la tarde en la que Aldo trajo a Sune Rose Wagner y me lo present\u00f3, pero yo vest\u00eda, precisamente, una camiseta de Raveonettes y me dio toda la verg\u00fcenza del mundo; para calmarme, el me dijo que le hac\u00eda ilusi\u00f3n. O cuando Brian Molko utiliz\u00f3 nuestra salida trasera y una m\u00e1quina de expeler aire acondicionado caliente le revolvi\u00f3 el pelo y se puso todo loco a gritar. M\u00e1s sobre artistas, estas de parte de <strong>Octavi<\/strong>: \u00abNo tengo muchos recuerdos bizarros, realmente. Quiz\u00e1 Doherty escribiendo algo ininteligible en la pizarra vileda gigante que tuvimos el primer a\u00f1o (y buscando red bulls en nuestra nevera). Quiz\u00e1 Amy Winehouse asustada en el set de fotograf\u00eda mientras le explic\u00e1bamos que su foto saldr\u00eda en el editorial del d\u00eda siguiente. Mir\u00f3 a su m\u00e1nager, \u00e9ste le dijo \u00abOK\u00bb, y ella me mir\u00f3 y dijo \u00abOk, wicked\u00bb. Poco m\u00e1s, no ha habido locuras extremas, s\u00ed mucha diversi\u00f3n, muchos cubatas a \u00faltimas horas, alg\u00fan que otro grito&#8230; lo habitual, vamos\u00bb.<\/p>\n<p>Siempre he dicho que nunca habr\u00eda tenido seguridad sobre el Fiber que est\u00e1bamos haciendo sino fuera porque contaba con<strong> <\/strong><strong><span style=\"color: #800000;\">Guillermo Z. del \u00c1guila<\/span><\/strong> en el equipo, ese con el que Aldo hac\u00eda sus sondeos. Si un a\u00f1o Guillermo me dejaba caer que pod\u00eda causar baja a m\u00ed me sal\u00edan algunas de las canas de las que hablaba Araceli. Estos son sus&#8230; \u00abrecuerdos bizarros&#8230; la primera vez que lleg\u00f3 una super-promocionera de una multi (siendo de provincias, las he tratado poco) con sus formas usuales: me dijo cari\u00f1\u00edn e incluso me acarici\u00f3 la espalda en zonas inusuales, no sab\u00eda si llev\u00e1rmela al sof\u00e1 (erm&#8230; esa es otra historia) o regalarle una piruleta. Al final me dio la risa y se me ocurri\u00f3 parodiarla sin recordar que las paredes o\u00edan. Tambi\u00e9n ten\u00eda risa espiar al del NME, un pardillo que se pasaba el d\u00eda comi\u00e9ndose los mocos (figuradamente) pero luego cuando escrib\u00eda sus \u00abandanzas\u00bb se pintaba como el rey del mambo. Algo surreal gener\u00e9 yo intentando salir al paso del marr\u00f3n de escribir un previo de Muse (tan indiferentes me resultaban entonces como ahora): me hab\u00eda topado con una fan (de ellos) con pase de prensa que me abord\u00f3 camino del backstage porque quer\u00eda volver a verlos. Como su historia ol\u00eda a jugo, le di voz. Al final era cierto que los conoc\u00eda, pero el jugo no ten\u00eda el olor a hormonas que parec\u00eda (ni para ellos ni para m\u00ed). Siguiendo con el jugo, tuvo risa cuando ya cumplida la faena en el momento de la retirada (o sea, consciencia como m\u00ednimo agotada y probablemente alterada) me dio por ofrecerle la oportunidad de retratarse a una colaboradora algo lenguaraz y provocadora que se hab\u00eda pasado el festival presumiendo de sexual y ya hab\u00eda insinuado varias veces que los fibbers eran asexuados y ese rollo. Menos mal que recul\u00f3 ante mi farol \u00about of the blue\u00bb (por copiarle el estilo a la susodicha) y se hizo la sueca colorada porque a m\u00ed ya me esperaban&#8230; Pero para bizarro, los bizarros. Y no hace falta decir m\u00e1s\u00bb.<\/p>\n<p><img loading=\"lazy\" decoding=\"async\" class=\"alignleft\" src=\"http:\/\/www.elenacabrera.com\/weblog\/wp-content\/uploads\/2009\/07\/Fiber2006_300.jpg\" alt=\"\" width=\"300\" height=\"400\" \/>El backstage, las entra\u00f1as, la zona de prensa, el contacto con los artistas, sentirse parte de algo tan grande y que genera tanta ilusi\u00f3n&#8230; eso es lo que nos hac\u00eda sentirnos tan especiales. \u00abLa posibilidad de vivir el festival desde dentro y de ser parte de esa estructura, o sea, de hacer el FIB con nuestra peque\u00f1a aportaci\u00f3n\u00bb (<strong><span style=\"color: #800000;\">Job Ledesma<\/span><\/strong>). \u00abInformar en el aut\u00e9ntico sentido de la palabra viviendo el festival desde dentro (cosa de privilegiados)\u00bb (<strong><span style=\"color: #800000;\">Juan Antonio \u00c1lvarez<\/span><\/strong>, redise\u00f1\u00f3 la maqueta de Tori y trabajo en la zanja del FIB durante varios a\u00f1os). \u00abCreo que lo mejor del FIBER era el sentido de comuni\u00f3n con sus lectores, incluso en la cr\u00edtica a sus defectos\u00bb (<strong><span style=\"color: #800000;\">Breixo Harguindey<\/span><\/strong>). \u00abLo mejor era tenerlo cada d\u00eda, o ver a muchas personas ley\u00e9ndolo, o consultarlo uno mismo, o preferir leerlo antes que ver el show de Franz Ferdinand, o estar, simplemente, en el cierre, cada noche\u00bb (<strong><span style=\"color: #800000;\">Marcelo Panozzo<\/span><\/strong>). \u00abVer a la gente que lo llevaba doblado en el bolsillo de atr\u00e1s del pantal\u00f3n. Permitirme conocer el festival por dentro, el lujo de poder hablar con \u00eddolos como William Reid o Norman Blake y de trabajar con gente que me encanta c\u00f3mo escribe y fotograf\u00eda\u00bb (<strong><span style=\"font-family: mceinline;\">David Hern\u00e1ndez<\/span><\/strong>). \u00abEl Fiber es uno de las pocas maneras que todav\u00eda le quedaban al FIB de conectar con su pasado y con su esp\u00edritu original\u00bb (<strong><span style=\"color: #800000;\">Guillermo Z<\/span><\/strong><strong><span style=\"color: #800000;\">.<\/span><\/strong>).<\/p>\n<p><object width=\"400\" height=\"300\" data=\"http:\/\/www.flickr.com\/apps\/slideshow\/show.swf?v=71649\" type=\"application\/x-shockwave-flash\"><param name=\"flashvars\" value=\"offsite=true&amp;lang=es-us&amp;page_show_url=%2Fphotos%2Felenac%2Fsets%2F72157621447861472%2Fshow%2F&amp;page_show_back_url=%2Fphotos%2Felenac%2Fsets%2F72157621447861472%2F&amp;set_id=72157621447861472&amp;jump_to=\" \/><param name=\"allowFullScreen\" value=\"true\" \/><param name=\"src\" value=\"http:\/\/www.flickr.com\/apps\/slideshow\/show.swf?v=71649\" \/><param name=\"allowfullscreen\" value=\"true\" \/><\/object><\/p>\n<h3>Motivos por los que deber\u00eda seguir existiendo Fiber<\/h3>\n<ul>\n<li>Dur\u00f3 lo que ten\u00eda que durar, todo tiene su ciclo. Fue un periodo bonito en el que se junt\u00f3 gente muy v\u00e1lida y que luego ha acabado haciendo cosas muy interesantes. Fue algo justo en el momento adecuado y con la gente necesaria (<strong><span style=\"color: #800000;\">Aldo Linares<\/span><\/strong>).<\/li>\n<li>Mantiene informado al p\u00fablico y diferencia al FIB de otros festivales ya que crea un interesante v\u00ednculo entre la organizaci\u00f3n, el festival y los asistentes. Adem\u00e1s de promueve el trabajo de j\u00f3venes comunicadores y creativos (<strong><span style=\"color: #800000;\">\u00c1lvaro Vali\u00f1o<\/span><\/strong>).<\/li>\n<li>Deber\u00eda seguir existiendo para salvar el festival y ayudar a que Benic\u00e0ssim no sea el nuevo Lloret de Mar, algo que me empieza a preocupar.\u00a0En realidad deber\u00eda seguir existiendo simplemente porque todo el mundo lo le\u00eda (<strong><span style=\"color: #800000;\">Araceli Segura<\/span><\/strong>).<\/li>\n<li>No se me ocurren motivos para cerrarlo a pesar del armagedon de la prensa en papel. Deber\u00eda continuar, quiz\u00e1s en formato electr\u00f3nico. Es una p\u00e9rdida (<strong><span style=\"color: #800000;\">Breixo Harguindey<\/span><\/strong>).<\/li>\n<li>No s\u00e9 de otros festivales que lo hagan. Recuerdo amigos que me sacaban de la cama del \u00abhotel\u00bb para que les guardase n\u00fameros&#8230; (<strong><span style=\"color: #800000;\">Carlos Revillo<\/span><\/strong>).<\/li>\n<li>En ese formato, muy pocos. Creo que el papel, aunque para los periodistas de prensa es vital que siga existiendo, para este tipo de cosas tiene que ir a menos. Pero el Fiber como tal no deberia perderse, en digital, en el movil, o buscar otro medio, aunque los m\u00e1s rom\u00e1nticos prefiramos guardarlo cada a\u00f1o, y ya ir\u00edan \u00bf10? (<strong><span style=\"color: #800000;\">Cristina Garc\u00eda<\/span><\/strong>).<\/li>\n<li>Un motivo por el que deber\u00eda seguir existiendo. Uno no, tres. Por la informaci\u00f3n de servicio que ofrec\u00eda a los asistentes al festival: entrevistas, cr\u00f3nicas, reportajes, cambios de horarios y\/o escenarios&#8230; Algo que, teniendo en cuenta que la mayor\u00eda duerme en campings y no tiene internet en el m\u00f3vil, todav\u00eda no puede sustituir una web durante los d\u00edas del festival. Aunque quiz\u00e1s en un par de ediciones s\u00ed que ser\u00eda ya prescindible la edici\u00f3n de papel a esos efectos. Tambi\u00e9n por lo que han dicho algunos compa\u00f1eros: por el fetichismo y la singularidad. Y un \u00faltimo motivo: por no ser tan previsible de cargarse un servicio \u00fatil y econ\u00f3micamente asumible -en comparaci\u00f3n con otros gastos del festival -con la puta excusa de la crisis (<strong><span style=\"color: #800000;\">David Hern\u00e1ndez<\/span><\/strong>).<\/li>\n<li>Deber\u00eda seguir existiendo por los fibers haciendo cola en el camping para coger el \u00faltimo n\u00famero, por la ilusi\u00f3n de la gente que guarda todos los n\u00fameros, por los abuelos leyendo la cr\u00edtica de The Cure en la playa, y porque es un elemento diferencial con otros festivales que hac\u00eda al FIB especial (<strong><span style=\"color: #800000;\">Diego R\u00edos<\/span><\/strong>).<\/li>\n<li>Porque cuando te est\u00e1s comiendo la pizza al d\u00eda siguiente mola leerlo, adem\u00e1s entre conciertos etc tambi\u00e9n. Y si quieres porque es guay que haya un medio que cuente lo que sucede entre bambalinas etc&#8230; (<strong><span style=\"color: #800000;\">Ferran Llaurad\u00f3<\/span><\/strong>).<\/li>\n<li>Porque lo echar\u00e9 de menos cada ma\u00f1ana en el hall del hotel (<strong><span style=\"color: #800000;\">Joan Vich<\/span><\/strong>).<\/li>\n<li>Primero porque exist\u00eda, segundo porque los fibers se est\u00e1n empezando a cansar de que el FIB pierda elementos de valor a\u00f1adido, tercero porque era un recuerdo para todos los que acud\u00edan al festival y se llevaban sus fotos y sus cr\u00f3nicas, cuarto porque era un verdadero logro log\u00edstico y period\u00edstico, quinto por vernos, sexto porque me permit\u00eda ir al FIB como un se\u00f1or (ego\u00edsta que soy), s\u00e9ptimo porque dejar de hacer cosas bonitas que hac\u00edas es de vagos y de aburridos, octavo porque es m\u00e1s f\u00e1cil buscar soluciones que borrar por borrar, noveno porque me permiti\u00f3 conocer a tanta gente graciosa y a tanto bicho raro (<strong><span style=\"color: #800000;\">Job Ledesma<\/span><\/strong>).<\/li>\n<li>Por la m\u00fasica y sus autores, los m\u00fasicos (<strong><span style=\"color: #800000;\">Juan Antonio \u00c1lvarez<\/span><\/strong>).<\/li>\n<li>Por que es consustancial al FIB, es un rasgo personal, un valor \u00fanico y por que es vital para enterarse de lo que pasa alrededor del Festival (<strong><span style=\"color: #800000;\">\u00cd\u00f1igo de Amescua<\/span><\/strong>).<\/li>\n<li>S\u00f3lo alg\u00fan tipo de estrechez (o varios tipos funcionando a la vez) puede determinar su cierre. Iba a decir que \u00abno hay motivo\u00bb para cancelarlo, pero s\u00ed lo hay, cogonmimanto, siempre lo hay (<strong><span style=\"color: #800000;\">Marcelo Panozzo<\/span><\/strong>).<\/li>\n<li>Por mantener unido a un equipo de redacci\u00f3n consolidado y cachondo.\u00a0No, en serio, porque los Fibers lo merecen, porque el Fiber es algo tan natural como el Hotel Orange, como dormir en la playa, como quemarse la espalda, como comerse un chorip\u00e1n a la salida, como brincar en primera fila del Escenario Verde.\u00a0A veces ocurre que uno no sabe hasta qu\u00e9 punto su trabajo es v\u00e1lido; y luego est\u00e1s por ah\u00ed y escuchas a dos chavalitas algo sobre la cr\u00edtica que han le\u00eddo en el Fiber (&#8230;que si tal, que si cual&#8230;) y entonces eres feliz durante unos segundos. S\u00f3lo por eso (y s\u00e9 que es topicazo del periodismo) ya vale la pena. Bueno, y que te envuelvan el bocata de chopped con el diario. Eso tambi\u00e9n mola \ud83d\ude42 (<strong><span style=\"color: #800000;\">Octavio Botana<\/span><\/strong>).<\/li>\n<li>\u00abTODO EL MUNDO QUIERE UNO\u00bb (<strong><span style=\"color: #800000;\">\u00d3scar L. Tejeda<\/span><\/strong>).<\/li>\n<li>Porque al publico de un festival de m\u00fasica le interesa leer las cr\u00f3nicas del festival, contrastar las cr\u00edticas, ver las fotos&#8230; (<strong><span style=\"color: #800000;\">Ramiro e<\/span><\/strong>).<\/li>\n<li>Que lo quer\u00e1is seguir haciendo. Con eso basta (<strong><span style=\"color: #800000;\">Roger Roca<\/span><\/strong>).<\/li>\n<li>Si a\u00fan existiera nadie tendr\u00eda nostalgia (<strong><span style=\"color: #800000;\">Tori Alimbau<\/span><\/strong>).<\/li>\n<li>Me cuesta aceptar la premisa de la pregunta. Veo m\u00e1s sensato pensar al rev\u00e9s. El papel sale de un ser vivo tan bonito c\u00f3mo las \u00e1rboles.\u00a0 Deber\u00edamos usar otro enfoque: \u00bf tan \u00fatil es este medio como para recortar un bosque? (<strong><span style=\"color: #800000;\">V\u00edctor Lenore<\/span><\/strong>).<\/li>\n<li>Hace tres a\u00f1os que no voy por el festival (una mezcla de pereza, fechas\u00a0complicadas y desinter\u00e9s por el cartel), pero la \u00faltima vez el p\u00fablico\u00a0extranjero ya superaba con creces al espa\u00f1ol, as\u00ed que no s\u00e9 hasta qu\u00e9 punto\u00a0tiene sentido que el Fiber siga existiendo. El Fiber pertenece a una \u00e9poca\u00a0en la que el indie en Espa\u00f1a era (o pretend\u00eda ser) m\u00e1s inocente, en la que\u00a0el FIB era EL festival, y en la que internet no ten\u00eda tanta potencia como\u00a0ahora mismo (\u00bfo es que alguien recuerda blogs con descarga directa en\u00a02005?). Hoy la realidad es otra: cualquier indie de a pie va por el recinto\u00a0con un iPhone, saca una foto o un v\u00eddeo del concierto que le est\u00e1 gustando,\u00a0se informa en cualquier blog del artista desconocido que est\u00e1 sonando en\u00a0tal o cual escenario y sube toda esta informaci\u00f3n sobre la marcha a su<br \/>\nflickr, su Twitter o su Facebook. Adem\u00e1s, el p\u00fablico tambi\u00e9n tiene una\u00a0mayor cultura musical (sustentada sobre pies de barro, de acuerdo, pero m\u00e1s\u00a0amplia) y tiene menos necesidad de una gu\u00eda de uso y disfrute del festival.\u00a0As\u00ed que, de seguir existiendo, deber\u00eda de convertirse en algo m\u00e1s abierto y\u00a0relacionado con la web: por ejemplo, un site que se actualizara con\u00a0entrevistas grabadas sobre la marcha, con contenidos exclusivos, realizados\u00a0durante el festival, y que dispusiera de foros para que el p\u00fablico\u00a0expresara su opini\u00f3n. El papel, por mucho que nos pese, ha dejado de tener\u00a0sentido (<strong><span style=\"color: #800000;\">Vidal Romero<\/span><\/strong>).<\/li>\n<\/ul>\n<p><em>Para realizar este art\u00edculo he mandado un cuestionario de cuatro preguntas a los colaboradores de Fiber que he podido localizar. Merece mucho la pena <a href=\"http:\/\/www.elenacabrera.com\/weblog\/cuestionarios-a-los-que-lo-hicieron-posible-sobre-la-cancelacion-del-periodico-fiber\/\">leer las respuestas completas<\/a><\/em><em> porque algunas son estupendas y muy divertidas. Para ello las he reunido todas <a href=\"http:\/\/www.elenacabrera.com\/weblog\/cuestionarios-a-los-que-lo-hicieron-posible-sobre-la-cancelacion-del-periodico-fiber\/\">aqu\u00ed<\/a><\/em><em>, para que puedas seguir leyendo, \u00a1si no has tenido suficiente! <\/em><\/p>\n<p><em>Pasado ma\u00f1ana comienza la decimoquinta edici\u00f3n del Festival Internacional de Benic\u00e0ssim, y para all\u00e1 vamos. Puedes seguir el d\u00eda a d\u00eda del festival en <a href=\"http:\/\/live.fiberfib.com\">live.fiberfib.com<\/a><\/em><em>.<\/em><\/p>\n","protected":false},"excerpt":{"rendered":"<p>En el a\u00f1o 1999 Miguel Mor\u00e1n nos reuni\u00f3 en una sala privada de un restaurante vegetariano de Madrid. Ya no recuerdo qui\u00e9n hab\u00eda all\u00ed adem\u00e1s de \u00e9l, Cristina Garc\u00eda, Jes\u00fas Llorente, V\u00edctor Lenore y Aldo Linares. \u00c9ramos gente que rond\u00e1bamos la revista Spiral y otras prensas musicales del momento. Spiral hab\u00eda participado de la fundaci\u00f3n [&hellip;]<\/p>\n","protected":false},"author":1,"featured_media":0,"comment_status":"open","ping_status":"open","sticky":false,"template":"","format":"standard","meta":{"footnotes":""},"categories":[2],"tags":[],"class_list":["post-200968","post","type-post","status-publish","format-standard","hentry","category-twentytwentyfive"],"_links":{"self":[{"href":"https:\/\/www.elenacabrera.com\/weblog3\/wp-json\/wp\/v2\/posts\/200968","targetHints":{"allow":["GET"]}}],"collection":[{"href":"https:\/\/www.elenacabrera.com\/weblog3\/wp-json\/wp\/v2\/posts"}],"about":[{"href":"https:\/\/www.elenacabrera.com\/weblog3\/wp-json\/wp\/v2\/types\/post"}],"author":[{"embeddable":true,"href":"https:\/\/www.elenacabrera.com\/weblog3\/wp-json\/wp\/v2\/users\/1"}],"replies":[{"embeddable":true,"href":"https:\/\/www.elenacabrera.com\/weblog3\/wp-json\/wp\/v2\/comments?post=200968"}],"version-history":[{"count":1,"href":"https:\/\/www.elenacabrera.com\/weblog3\/wp-json\/wp\/v2\/posts\/200968\/revisions"}],"predecessor-version":[{"id":2002002665,"href":"https:\/\/www.elenacabrera.com\/weblog3\/wp-json\/wp\/v2\/posts\/200968\/revisions\/2002002665"}],"wp:attachment":[{"href":"https:\/\/www.elenacabrera.com\/weblog3\/wp-json\/wp\/v2\/media?parent=200968"}],"wp:term":[{"taxonomy":"category","embeddable":true,"href":"https:\/\/www.elenacabrera.com\/weblog3\/wp-json\/wp\/v2\/categories?post=200968"},{"taxonomy":"post_tag","embeddable":true,"href":"https:\/\/www.elenacabrera.com\/weblog3\/wp-json\/wp\/v2\/tags?post=200968"}],"curies":[{"name":"wp","href":"https:\/\/api.w.org\/{rel}","templated":true}]}}