{"id":951,"date":"2007-04-13T02:30:01","date_gmt":"2007-04-13T00:30:01","guid":{"rendered":""},"modified":"-0001-11-30T00:00:00","modified_gmt":"-0001-11-29T22:00:00","slug":"post_name","status":"publish","type":"post","link":"https:\/\/www.elenacabrera.com\/weblog3\/2007\/04\/13\/post_name\/","title":{"rendered":"A means to an end"},"content":{"rendered":"<p>\tMe dice un amigo por email que mi weblog calla m\u00e1s que cuenta, \u00faltimamente. Tiene raz\u00f3n y adem\u00e1s me extra\u00f1a la locuacidad de su recato, su segundo plano. Es cierto que no tengo tiempo para narrar nada extenso que contenga un m\u00ednimo de inter\u00e9s. Pero adem\u00e1s, cuando dispongo de ese tiempo, estoy exhausta. La semana pasada tuve una fantas\u00eda obsesiva: \u00bfc\u00f3mo ser\u00eda el paisaje de una ciudad si nadie tuviera que trabajar? La idea me asalt\u00f3, creo recordar, en Serrano esquina Goya ante la imagen de una mujer joven acompa\u00f1ada de su madre que re\u00eda mientras le hac\u00eda un cari\u00f1o a su hija, una ni\u00f1a peque\u00f1a vestida dulcemente. So\u00f1\u00e9 all\u00ed mismo que ninguno de los que transit\u00e1bamos ese cruce de caminos ten\u00edamos que trabajar para nadie, s\u00f3lo para nosotros. Y entonces imagin\u00e9 que todos re\u00edamos suavemente como esas mujeres, sin acidez, cargas ni desprecio, todos al un\u00edsono. Y vi cientos de dientes brillando bajo el sol atenuado de primavera. Podr\u00eda ser una pesadilla, tantas personas sonriendo simplemente sin motivo, pero algo me gust\u00f3 en ello y me movi\u00f3 a querer formar parte de mi visi\u00f3n: cerr\u00e9 los ojos y comenc\u00e9 a re\u00edr yo tambi\u00e9n. Viaj\u00e9 en el metro con la sonrisa puesta, intentando que no se cayera por los bordes. Cuando llegu\u00e9 a casa Lord Monreal me abraz\u00f3 y me pregunt\u00f3 qu\u00e9 me pasaba, porqu\u00e9 ten\u00eda esa inmensa cara de pena. [youtube YAICvyk2b6g]\t<\/p>\n","protected":false},"excerpt":{"rendered":"<p>Me dice un amigo por email que mi weblog calla m\u00e1s que cuenta, \u00faltimamente. Tiene raz\u00f3n y adem\u00e1s me extra\u00f1a la locuacidad de su recato, su segundo plano. Es cierto que no tengo tiempo para narrar nada extenso que contenga un m\u00ednimo de inter\u00e9s. Pero adem\u00e1s, cuando dispongo de ese tiempo, estoy exhausta. La semana [&hellip;]<\/p>\n","protected":false},"author":1,"featured_media":0,"comment_status":"open","ping_status":"open","sticky":false,"template":"","format":"standard","meta":{"footnotes":""},"categories":[],"tags":[],"class_list":["post-951","post","type-post","status-publish","format-standard","hentry"],"_links":{"self":[{"href":"https:\/\/www.elenacabrera.com\/weblog3\/wp-json\/wp\/v2\/posts\/951","targetHints":{"allow":["GET"]}}],"collection":[{"href":"https:\/\/www.elenacabrera.com\/weblog3\/wp-json\/wp\/v2\/posts"}],"about":[{"href":"https:\/\/www.elenacabrera.com\/weblog3\/wp-json\/wp\/v2\/types\/post"}],"author":[{"embeddable":true,"href":"https:\/\/www.elenacabrera.com\/weblog3\/wp-json\/wp\/v2\/users\/1"}],"replies":[{"embeddable":true,"href":"https:\/\/www.elenacabrera.com\/weblog3\/wp-json\/wp\/v2\/comments?post=951"}],"version-history":[{"count":0,"href":"https:\/\/www.elenacabrera.com\/weblog3\/wp-json\/wp\/v2\/posts\/951\/revisions"}],"wp:attachment":[{"href":"https:\/\/www.elenacabrera.com\/weblog3\/wp-json\/wp\/v2\/media?parent=951"}],"wp:term":[{"taxonomy":"category","embeddable":true,"href":"https:\/\/www.elenacabrera.com\/weblog3\/wp-json\/wp\/v2\/categories?post=951"},{"taxonomy":"post_tag","embeddable":true,"href":"https:\/\/www.elenacabrera.com\/weblog3\/wp-json\/wp\/v2\/tags?post=951"}],"curies":[{"name":"wp","href":"https:\/\/api.w.org\/{rel}","templated":true}]}}