{"id":968,"date":"2007-05-03T11:29:26","date_gmt":"2007-05-03T09:29:26","guid":{"rendered":""},"modified":"-0001-11-30T00:00:00","modified_gmt":"-0001-11-29T22:00:00","slug":"post_name","status":"publish","type":"post","link":"https:\/\/www.elenacabrera.com\/weblog3\/2007\/05\/03\/post_name\/","title":{"rendered":"Los stencils de MTV Espa\u00f1a"},"content":{"rendered":"<p>\t<img loading=\"lazy\" decoding=\"async\" width=\"268\" height=\"178\" align=\"left\" src=\"http:\/\/blogs.mtv.es\/redaccion\/wp-content\/uploads\/2007\/04\/chinocudeiro.jpg\" \/>Tras varias semanitas de arduo trabajo al fin hemos terminado el especial stencil \u00bb Cultura Urbana en mtv.es. Me he perdido la recta final (maquetaci\u00f3n, subida a real&#8230;) ya que estos d\u00edas estoy pintando mi casa, d\u00e1ndole un \u00faltimo empuje antes de la mudanza. Pablo, Antonio y yo nos fuimos al Parque Juan Carlos I, donde se va a celebrar este mes el festival Cultura Urbana y grabamos all\u00ed <a target=\"_blank\" href=\"http:\/\/www.mtv.es\/mtv.es\/especiales\/culturaurbana07\/stencil.jhtml?id=1\">un v\u00eddeo<\/a> para animar a la gente a que haga stencils y los pinte por ah\u00ed. Que nos manden las <a target=\"_blank\" href=\"http:\/\/www.mtv.es\/mtv.es\/especiales\/culturaurbana07\/plantillas.jhtml?id=2\">plantillas<\/a> para poder compartirlas y que otras personas se las bajen. Tambi\u00e9n pueden mandar fotos de stencils que encuentren por la calle y les llamen la atenci\u00f3n. Todos los que participen de una manera u otra se pueden llevar abonos de regalo para Cultura Urbana. El especial es muy grande y tiene tres secciones pero mi favorita es la de stencil, as\u00ed que os recomiendo que empec\u00e9is por all\u00ed, y as\u00ed os veis pintando. Ya no s\u00e9 qu\u00e9 t\u00e9cnica se me da peor, si la del spray o la del rodillo, pero yo dir\u00eda que \u00e9sta \u00faltima. <\/p>\n<p align=\"center\"><a target=\"_blank\" href=\"http:\/\/www.mtv.es\/mtv.es\/especiales\/culturaurbana07\/stencil.jhtml?id=1\">Stencil<\/a>.<\/p>\n","protected":false},"excerpt":{"rendered":"<p>Tras varias semanitas de arduo trabajo al fin hemos terminado el especial stencil \u00bb Cultura Urbana en mtv.es. Me he perdido la recta final (maquetaci\u00f3n, subida a real&#8230;) ya que estos d\u00edas estoy pintando mi casa, d\u00e1ndole un \u00faltimo empuje antes de la mudanza. Pablo, Antonio y yo nos fuimos al Parque Juan Carlos I, [&hellip;]<\/p>\n","protected":false},"author":1,"featured_media":0,"comment_status":"open","ping_status":"open","sticky":false,"template":"","format":"standard","meta":{"footnotes":""},"categories":[],"tags":[],"class_list":["post-968","post","type-post","status-publish","format-standard","hentry"],"_links":{"self":[{"href":"https:\/\/www.elenacabrera.com\/weblog3\/wp-json\/wp\/v2\/posts\/968","targetHints":{"allow":["GET"]}}],"collection":[{"href":"https:\/\/www.elenacabrera.com\/weblog3\/wp-json\/wp\/v2\/posts"}],"about":[{"href":"https:\/\/www.elenacabrera.com\/weblog3\/wp-json\/wp\/v2\/types\/post"}],"author":[{"embeddable":true,"href":"https:\/\/www.elenacabrera.com\/weblog3\/wp-json\/wp\/v2\/users\/1"}],"replies":[{"embeddable":true,"href":"https:\/\/www.elenacabrera.com\/weblog3\/wp-json\/wp\/v2\/comments?post=968"}],"version-history":[{"count":0,"href":"https:\/\/www.elenacabrera.com\/weblog3\/wp-json\/wp\/v2\/posts\/968\/revisions"}],"wp:attachment":[{"href":"https:\/\/www.elenacabrera.com\/weblog3\/wp-json\/wp\/v2\/media?parent=968"}],"wp:term":[{"taxonomy":"category","embeddable":true,"href":"https:\/\/www.elenacabrera.com\/weblog3\/wp-json\/wp\/v2\/categories?post=968"},{"taxonomy":"post_tag","embeddable":true,"href":"https:\/\/www.elenacabrera.com\/weblog3\/wp-json\/wp\/v2\/tags?post=968"}],"curies":[{"name":"wp","href":"https:\/\/api.w.org\/{rel}","templated":true}]}}