{"id":998,"date":"2007-05-31T14:08:40","date_gmt":"2007-05-31T12:08:40","guid":{"rendered":""},"modified":"-0001-11-30T00:00:00","modified_gmt":"-0001-11-29T22:00:00","slug":"post_name","status":"publish","type":"post","link":"https:\/\/www.elenacabrera.com\/weblog3\/2007\/05\/31\/post_name\/","title":{"rendered":"Last.fm, la mejor red social de m\u00fasica, es comprada por CBS"},"content":{"rendered":"<p>\tPintaba Viacom e incluso internamente, en MTV, se apostaba a que muy probablemente Last.fm acabar\u00eda siendo comprada por el grupo madre del canal. Pero no ha sido as\u00ed. Last.fm <a target=\"_blank\" href=\"http:\/\/blog.last.fm\/2007\/05\/30\/lastfm-acquired-by-cbs\">anuncia en su blog<\/a> que ha sido comprada por CBS. La gente del equipo (unos 50) de Last.fm est\u00e1n contentos y creen que podr\u00e1n seguir trabajando con casi total independencia pero con mucho m\u00e1s dinero para poder desarrollar mejor su geniales ideas. Actualizaci\u00f3n 10\/06\/07: CBS y Viacom son filiales, no s\u00e9 exactamente en qu\u00e9 tipo de relaci\u00f3n, pero finalmente, algo ah\u00ed queda&#8230; [tags]Last.fm, Viacom, CBS, redes sociales [\/tags]\t<\/p>\n","protected":false},"excerpt":{"rendered":"<p>Pintaba Viacom e incluso internamente, en MTV, se apostaba a que muy probablemente Last.fm acabar\u00eda siendo comprada por el grupo madre del canal. Pero no ha sido as\u00ed. Last.fm anuncia en su blog que ha sido comprada por CBS. La gente del equipo (unos 50) de Last.fm est\u00e1n contentos y creen que podr\u00e1n seguir trabajando [&hellip;]<\/p>\n","protected":false},"author":1,"featured_media":0,"comment_status":"open","ping_status":"open","sticky":false,"template":"","format":"standard","meta":{"footnotes":""},"categories":[],"tags":[],"class_list":["post-998","post","type-post","status-publish","format-standard","hentry"],"_links":{"self":[{"href":"https:\/\/www.elenacabrera.com\/weblog3\/wp-json\/wp\/v2\/posts\/998","targetHints":{"allow":["GET"]}}],"collection":[{"href":"https:\/\/www.elenacabrera.com\/weblog3\/wp-json\/wp\/v2\/posts"}],"about":[{"href":"https:\/\/www.elenacabrera.com\/weblog3\/wp-json\/wp\/v2\/types\/post"}],"author":[{"embeddable":true,"href":"https:\/\/www.elenacabrera.com\/weblog3\/wp-json\/wp\/v2\/users\/1"}],"replies":[{"embeddable":true,"href":"https:\/\/www.elenacabrera.com\/weblog3\/wp-json\/wp\/v2\/comments?post=998"}],"version-history":[{"count":0,"href":"https:\/\/www.elenacabrera.com\/weblog3\/wp-json\/wp\/v2\/posts\/998\/revisions"}],"wp:attachment":[{"href":"https:\/\/www.elenacabrera.com\/weblog3\/wp-json\/wp\/v2\/media?parent=998"}],"wp:term":[{"taxonomy":"category","embeddable":true,"href":"https:\/\/www.elenacabrera.com\/weblog3\/wp-json\/wp\/v2\/categories?post=998"},{"taxonomy":"post_tag","embeddable":true,"href":"https:\/\/www.elenacabrera.com\/weblog3\/wp-json\/wp\/v2\/tags?post=998"}],"curies":[{"name":"wp","href":"https:\/\/api.w.org\/{rel}","templated":true}]}}